{"id":2184,"date":"2012-05-22T10:00:51","date_gmt":"2012-05-22T08:00:51","guid":{"rendered":"http:\/\/www.gouvinfo.org\/IAI\/?p=2184"},"modified":"2013-07-16T09:10:47","modified_gmt":"2013-07-16T07:10:47","slug":"des-normes-et-des-standards-autour-de-la-gouvernance-de-linformation","status":"publish","type":"post","link":"https:\/\/gouvinfo.org\/IAI\/des-normes-et-des-standards-autour-de-la-gouvernance-de-linformation\/","title":{"rendered":"Des normes et des standards autour de la gouvernance de l&#8217;information"},"content":{"rendered":"<p align=\"justify\">La gouvernance de l\u2019information est tr\u00e8s transverse, et connecte de nombreux domaines d&#8217;expertises et disciplines. Ces derni\u00e8res s\u2019appuient sur de nombreuses normes. Lorsque l&#8217;on est actif sur des sujets de gouvernance de l&#8217;information, voici quelques normes qu&#8217;il peut \u00eatre int\u00e9ressant d&#8217;avoir lu, au moins rapidement. Les plus structurantes seraient celles touchant \u00e0 la gestion du Records Management, \u00e0 la gestion des risques, \u00e0 la gestion des processus et \u00e0 la s\u00e9curit\u00e9 de l\u2019information. Savoir qu\u2019elles existent puis comprendre ce qu\u2019elles couvrent sont deux piliers essentiels pour un porteur du projet d\u00e9di\u00e9 \u00e0 la gouvernance de l\u2019information, ne serait ce que pour communiquer et comprendre les enjeux des centres d&#8217;expertises qui seront impliqu\u00e9s (et qui eux doivent bien les connaitre).<\/p>\n<p align=\"justify\"><a href=\"https:\/\/i0.wp.com\/gouvinfo.org\/IAI\/wp-content\/uploads\/image10.png?ssl=1\"><img data-recalc-dims=\"1\" loading=\"lazy\" decoding=\"async\" style=\"background-image: none; padding-left: 0px; padding-right: 0px; display: block; float: none; margin-left: auto; margin-right: auto; padding-top: 0px; border: 0px;\" title=\"image\" alt=\"image\" src=\"https:\/\/i0.wp.com\/gouvinfo.org\/IAI\/wp-content\/uploads\/image_thumb10.png?resize=788%2C386&#038;ssl=1\" width=\"788\" height=\"386\" border=\"0\" \/><\/a><\/p>\n<p align=\"center\"><a name=\"_Toc317602586\"><\/a>Figure 17: Normes et r\u00e8glementations : l\u2019indispensable<\/p>\n<p align=\"justify\">Dans la lecture de ce tableau, non exhaustif, il pourrait \u00eatre judicieux de r\u00e9aliser un rattachement avec les fondamentaux (r\u00e9f\u00e9rentiels, politiques, nomenclatures, etc.), les syst\u00e8mes informatiques, la responsabilit\u00e9 de l\u2019organisation et \u00e0 ses contraintes l\u00e9gales, et bien s\u00fbr votre environnement et celui de votre organisation. Une norme n&#8217;a d\u2019int\u00e9r\u00eat qui si elle est applicable \u00e0 votre environnement.<\/p>\n<p align=\"justify\">Attention, les normes et r\u00e9glementations, bien qu\u2019extr\u00eamement importantes<strong>, peuvent aussi vite devenir un pi\u00e8ge <\/strong>car il faut savoir g\u00e9rer \u2013 l\u00e0 encore de fa\u00e7on syst\u00e9mique \u2013 un certain nombre de complications. Pour r\u00e9flexion, pensez-vous qu\u2019il soit n\u00e9cessaire de faire tout, parfaitement et tout de suite, au risque de cr\u00e9er un projet \u00ab tunnel \u00bb ? Ne vaut-il pas mieux commencer doucement, lotir et chercher \u00e0 travailler par couches, en acceptant de ne pas respecter 100 % de la norme ou r\u00e8glementation ? <strong>C\u2019est une vraie question de m\u00e9thode<\/strong>.<\/p>\n<div align=\"justify\">\n<hr align=\"center\" size=\"3\" width=\"100%\" \/>\n<\/div>\n<p align=\"justify\"><em>Cet article est extrait du livre blanc 2012 de la gouvernance de l\u2019information (<\/em><a href=\"http:\/\/www.gouvinfo.net\" target=\"_blank\"><strong><em>\u00e0 t\u00e9l\u00e9charger ICI<\/em><\/strong><\/a><em>) &#8211; qui a \u00e9t\u00e9 r\u00e9alis\u00e9 par un collectif de 33 personnes venant de 26 organisations ayant particip\u00e9es \u00e0 l\u2019observatoire, un grand merci pour leurs participations : Anthony PONCIER, C\u00e9cile DARAGNES, Christophe POULIQUEN, Cindy BOULLIER, Daniel COLAS, Dilomama KONE, Dominique MEGARD, Emilie OGEZ, Emilie TAVEL-BESSON, Eric DOYEN, Eva SODOMOVA, Fabien GRENET, Fabrice DANQUIGNY, Florent BAVOUS, Hamid ATTEMANE, Isabelle KERAUDREN, Isabelle SALADIN, Jean Pascal PERREIN, Jean-Christophe DICHANT, Jean-Christophe MARCOUX, J\u00e9r\u00f4me THUEZ, Maria Isabel OSORIO, Nicolas DESACHY, Olivier FAURA, Patricia MABILLEAU, Reidun VALO, S\u00e9bastien MANACH, Thomas LOVY, William BRES, Yves SARAZIN, Yves SIMON. A titre d\u2019information, ces personnes faisant partie des organisations : Banque Centrale du Luxembourg, Caisse Nationale de S\u00e9curit\u00e9 Sociale (Burkina Faso), Council of Europe, GDF SUEZ, Generali, Keycide, Lecko, Minist\u00e8re de la D\u00e9fense, PSA Peugeot Citro\u00ebn, RCAR Maroc, Saint Gobain, SPR Pays de la Loire, TOTAL, Veolia Transdev, \u2026<\/em><\/p>\n","protected":false},"excerpt":{"rendered":"<p>La gouvernance de l\u2019information est tr\u00e8s transverse, et connecte de nombreux domaines d&#8217;expertises et disciplines. Ces derni\u00e8res s\u2019appuient sur de nombreuses normes. Lorsque l&#8217;on est actif sur [&hellip;]<\/p>\n","protected":false},"author":2,"featured_media":2182,"comment_status":"open","ping_status":"closed","sticky":false,"template":"","format":"standard","meta":{"_et_pb_use_builder":"","_et_pb_old_content":"","_et_gb_content_width":"","jetpack_post_was_ever_published":false,"_jetpack_newsletter_access":"","_jetpack_dont_email_post_to_subs":false,"_jetpack_newsletter_tier_id":0,"_jetpack_memberships_contains_paywalled_content":false,"_jetpack_memberships_contains_paid_content":false,"footnotes":"","jetpack_publicize_message":"","jetpack_publicize_feature_enabled":true,"jetpack_social_post_already_shared":false,"jetpack_social_options":{"image_generator_settings":{"template":"highway","default_image_id":0,"font":"","enabled":false},"version":2}},"categories":[97,45,3],"tags":[902,4,199,218,822],"class_list":["post-2184","post","type-post","status-publish","format-standard","has-post-thumbnail","hentry","category-etudes","category-fondamentaux","category-gouvinfo","tag-fondamentaux","tag-gestion-de-linformation","tag-information-2","tag-normes","tag-transformation-digitale"],"yoast_head":"<!-- This site is optimized with the Yoast SEO plugin v27.5 - https:\/\/yoast.com\/product\/yoast-seo-wordpress\/ -->\n<title>Des normes et des standards autour de la gouvernance de l&#039;information - #GouvInfo<\/title>\n<meta name=\"description\" content=\"La communaut\u00e9 de l&#039;info fait du flux Information un des fondamentaux de nos organisations, pour favoriser une bonne gouvernance de l&#039;information - IAI.\" \/>\n<meta name=\"robots\" content=\"index, follow, max-snippet:-1, max-image-preview:large, max-video-preview:-1\" \/>\n<link rel=\"canonical\" href=\"https:\/\/gouvinfo.org\/IAI\/des-normes-et-des-standards-autour-de-la-gouvernance-de-linformation\/\" \/>\n<meta property=\"og:locale\" content=\"fr_FR\" \/>\n<meta property=\"og:type\" content=\"article\" \/>\n<meta property=\"og:title\" content=\"Des normes et des standards autour de la gouvernance de l&#039;information - #GouvInfo\" \/>\n<meta property=\"og:description\" content=\"La communaut\u00e9 de l&#039;info fait du flux Information un des fondamentaux de nos organisations, pour favoriser une bonne gouvernance de l&#039;information - IAI.\" \/>\n<meta property=\"og:url\" content=\"https:\/\/gouvinfo.org\/IAI\/des-normes-et-des-standards-autour-de-la-gouvernance-de-linformation\/\" \/>\n<meta property=\"og:site_name\" content=\"#GouvInfo\" \/>\n<meta property=\"article:author\" content=\"http:\/\/www.facebook.com\/gouvinfo?sk=wall\" \/>\n<meta property=\"article:published_time\" content=\"2012-05-22T08:00:51+00:00\" \/>\n<meta property=\"article:modified_time\" content=\"2013-07-16T07:10:47+00:00\" \/>\n<meta property=\"og:image\" content=\"https:\/\/i2.wp.com\/gouvinfo.org\/IAI\/wp-content\/uploads\/image10.png?fit=605%2C295&ssl=1\" \/>\n\t<meta property=\"og:image:width\" content=\"605\" \/>\n\t<meta property=\"og:image:height\" content=\"295\" \/>\n\t<meta property=\"og:image:type\" content=\"image\/png\" \/>\n<meta name=\"author\" content=\"jpperrein\" \/>\n<meta name=\"twitter:card\" content=\"summary_large_image\" \/>\n<meta name=\"twitter:creator\" content=\"@jpperrein\" \/>\n<meta name=\"twitter:site\" content=\"@gouvinfo\" \/>\n<meta name=\"twitter:label1\" content=\"\u00c9crit par\" \/>\n\t<meta name=\"twitter:data1\" content=\"jpperrein\" \/>\n\t<meta name=\"twitter:label2\" content=\"Dur\u00e9e de lecture estim\u00e9e\" \/>\n\t<meta name=\"twitter:data2\" content=\"2 minutes\" \/>\n<script type=\"application\/ld+json\" class=\"yoast-schema-graph\">{\"@context\":\"https:\\\/\\\/schema.org\",\"@graph\":[{\"@type\":\"Article\",\"@id\":\"https:\\\/\\\/gouvinfo.org\\\/IAI\\\/des-normes-et-des-standards-autour-de-la-gouvernance-de-linformation\\\/#article\",\"isPartOf\":{\"@id\":\"https:\\\/\\\/gouvinfo.org\\\/IAI\\\/des-normes-et-des-standards-autour-de-la-gouvernance-de-linformation\\\/\"},\"author\":{\"name\":\"jpperrein\",\"@id\":\"https:\\\/\\\/gouvinfo.org\\\/IAI\\\/#\\\/schema\\\/person\\\/f0df9788278af94ed35bb3be19187dd1\"},\"headline\":\"Des normes et des standards autour de la gouvernance de l&#8217;information\",\"datePublished\":\"2012-05-22T08:00:51+00:00\",\"dateModified\":\"2013-07-16T07:10:47+00:00\",\"mainEntityOfPage\":{\"@id\":\"https:\\\/\\\/gouvinfo.org\\\/IAI\\\/des-normes-et-des-standards-autour-de-la-gouvernance-de-linformation\\\/\"},\"wordCount\":472,\"commentCount\":1,\"image\":{\"@id\":\"https:\\\/\\\/gouvinfo.org\\\/IAI\\\/des-normes-et-des-standards-autour-de-la-gouvernance-de-linformation\\\/#primaryimage\"},\"thumbnailUrl\":\"https:\\\/\\\/i0.wp.com\\\/gouvinfo.org\\\/IAI\\\/wp-content\\\/uploads\\\/image10.png?fit=605%2C295&ssl=1\",\"keywords\":[\"Fondamentaux\",\"gestion de l'information\",\"Information\",\"Normes\",\"transformation digitale\"],\"articleSection\":[\"Etudes\",\"Fondamentaux\",\"Gouvernance de l'information\"],\"inLanguage\":\"fr-FR\",\"potentialAction\":[{\"@type\":\"CommentAction\",\"name\":\"Comment\",\"target\":[\"https:\\\/\\\/gouvinfo.org\\\/IAI\\\/des-normes-et-des-standards-autour-de-la-gouvernance-de-linformation\\\/#respond\"]}]},{\"@type\":\"WebPage\",\"@id\":\"https:\\\/\\\/gouvinfo.org\\\/IAI\\\/des-normes-et-des-standards-autour-de-la-gouvernance-de-linformation\\\/\",\"url\":\"https:\\\/\\\/gouvinfo.org\\\/IAI\\\/des-normes-et-des-standards-autour-de-la-gouvernance-de-linformation\\\/\",\"name\":\"Des normes et des standards autour de la gouvernance de l'information - #GouvInfo\",\"isPartOf\":{\"@id\":\"https:\\\/\\\/gouvinfo.org\\\/IAI\\\/#website\"},\"primaryImageOfPage\":{\"@id\":\"https:\\\/\\\/gouvinfo.org\\\/IAI\\\/des-normes-et-des-standards-autour-de-la-gouvernance-de-linformation\\\/#primaryimage\"},\"image\":{\"@id\":\"https:\\\/\\\/gouvinfo.org\\\/IAI\\\/des-normes-et-des-standards-autour-de-la-gouvernance-de-linformation\\\/#primaryimage\"},\"thumbnailUrl\":\"https:\\\/\\\/i0.wp.com\\\/gouvinfo.org\\\/IAI\\\/wp-content\\\/uploads\\\/image10.png?fit=605%2C295&ssl=1\",\"datePublished\":\"2012-05-22T08:00:51+00:00\",\"dateModified\":\"2013-07-16T07:10:47+00:00\",\"author\":{\"@id\":\"https:\\\/\\\/gouvinfo.org\\\/IAI\\\/#\\\/schema\\\/person\\\/f0df9788278af94ed35bb3be19187dd1\"},\"description\":\"La communaut\u00e9 de l'info fait du flux Information un des fondamentaux de nos organisations, pour favoriser une bonne gouvernance de l'information - IAI.\",\"inLanguage\":\"fr-FR\",\"potentialAction\":[{\"@type\":\"ReadAction\",\"target\":[\"https:\\\/\\\/gouvinfo.org\\\/IAI\\\/des-normes-et-des-standards-autour-de-la-gouvernance-de-linformation\\\/\"]}]},{\"@type\":\"ImageObject\",\"inLanguage\":\"fr-FR\",\"@id\":\"https:\\\/\\\/gouvinfo.org\\\/IAI\\\/des-normes-et-des-standards-autour-de-la-gouvernance-de-linformation\\\/#primaryimage\",\"url\":\"https:\\\/\\\/i0.wp.com\\\/gouvinfo.org\\\/IAI\\\/wp-content\\\/uploads\\\/image10.png?fit=605%2C295&ssl=1\",\"contentUrl\":\"https:\\\/\\\/i0.wp.com\\\/gouvinfo.org\\\/IAI\\\/wp-content\\\/uploads\\\/image10.png?fit=605%2C295&ssl=1\",\"width\":\"605\",\"height\":\"295\"},{\"@type\":\"WebSite\",\"@id\":\"https:\\\/\\\/gouvinfo.org\\\/IAI\\\/#website\",\"url\":\"https:\\\/\\\/gouvinfo.org\\\/IAI\\\/\",\"name\":\"#GouvInfo\",\"description\":\"D\u00e9velopper une vue globale des donn\u00e9es et de leurs gouvernances\",\"potentialAction\":[{\"@type\":\"SearchAction\",\"target\":{\"@type\":\"EntryPoint\",\"urlTemplate\":\"https:\\\/\\\/gouvinfo.org\\\/IAI\\\/?s={search_term_string}\"},\"query-input\":{\"@type\":\"PropertyValueSpecification\",\"valueRequired\":true,\"valueName\":\"search_term_string\"}}],\"inLanguage\":\"fr-FR\"},{\"@type\":\"Person\",\"@id\":\"https:\\\/\\\/gouvinfo.org\\\/IAI\\\/#\\\/schema\\\/person\\\/f0df9788278af94ed35bb3be19187dd1\",\"name\":\"jpperrein\",\"image\":{\"@type\":\"ImageObject\",\"inLanguage\":\"fr-FR\",\"@id\":\"https:\\\/\\\/secure.gravatar.com\\\/avatar\\\/f43c679f1f17e8fcb87bbb55a919d95b6d336c32937edc8508fe941c2abf3122?s=96&d=mm&r=g\",\"url\":\"https:\\\/\\\/secure.gravatar.com\\\/avatar\\\/f43c679f1f17e8fcb87bbb55a919d95b6d336c32937edc8508fe941c2abf3122?s=96&d=mm&r=g\",\"contentUrl\":\"https:\\\/\\\/secure.gravatar.com\\\/avatar\\\/f43c679f1f17e8fcb87bbb55a919d95b6d336c32937edc8508fe941c2abf3122?s=96&d=mm&r=g\",\"caption\":\"jpperrein\"},\"description\":\"Jean-Pascal Perrein, mentor sp\u00e9cialis\u00e9 en pilotage du flux Information, j\u2019interviens sur des projets de gouvernance et de management de de la donn\u00e9e contextualis\u00e9e. Ma passion est sur tout ce qui touche l\u2019information, sa mod\u00e9lisation, sa gouvernance, ses usages, son organisation, les changements qui vont autour, les impacts culturels. Partager avec des personnes qui ont cette m\u00eame passion autour de l\u2019information et du comment mieux la valoriser, et un vrai plaisir et challenge que j\u2019aime \u00e0 relever en cr\u00e9ant des opportunit\u00e9s. L\u2019observatoire GouvInfo de la gouvernance de l\u2019information en est un, son r\u00e9seau social ComInfo en est un autre, les IAI-Awards encore un autre, ainsi que le DMFI, les ILP, les MAI, ... . En 2011, j\u2019ai cr\u00e9\u00e9 mon cabinet de conseil 3org conseil, orient\u00e9 mentorat, tout simplement avec un souhait d\u2019aller vers un nouveau type de mod\u00e8le \u00e9conomique, penser et faire autrement, raisonner sur des cycles sup\u00e9rieur \u00e0 1 an, sortir de logiques commerciales quantitatives et se baser sur le plaisir \u00e0 faire de l\u2019innovation et de la valeur avec des personnes qui ont aussi envie d'avancer dans ce sens.\",\"sameAs\":[\"https:\\\/\\\/www.3org.com\",\"http:\\\/\\\/www.facebook.com\\\/gouvinfo?sk=wall\",\"http:\\\/\\\/www.linkedin.com\\\/groups\\\/Gouvernance-linformation-3929593?trk=myg_ugrp_ovr\",\"https:\\\/\\\/x.com\\\/jpperrein\"],\"url\":\"https:\\\/\\\/gouvinfo.org\\\/IAI\\\/author\\\/jpperrein\\\/\"}]}<\/script>\n<!-- \/ Yoast SEO plugin. -->","yoast_head_json":{"title":"Des normes et des standards autour de la gouvernance de l'information - #GouvInfo","description":"La communaut\u00e9 de l'info fait du flux Information un des fondamentaux de nos organisations, pour favoriser une bonne gouvernance de l'information - IAI.","robots":{"index":"index","follow":"follow","max-snippet":"max-snippet:-1","max-image-preview":"max-image-preview:large","max-video-preview":"max-video-preview:-1"},"canonical":"https:\/\/gouvinfo.org\/IAI\/des-normes-et-des-standards-autour-de-la-gouvernance-de-linformation\/","og_locale":"fr_FR","og_type":"article","og_title":"Des normes et des standards autour de la gouvernance de l'information - #GouvInfo","og_description":"La communaut\u00e9 de l'info fait du flux Information un des fondamentaux de nos organisations, pour favoriser une bonne gouvernance de l'information - IAI.","og_url":"https:\/\/gouvinfo.org\/IAI\/des-normes-et-des-standards-autour-de-la-gouvernance-de-linformation\/","og_site_name":"#GouvInfo","article_author":"http:\/\/www.facebook.com\/gouvinfo?sk=wall","article_published_time":"2012-05-22T08:00:51+00:00","article_modified_time":"2013-07-16T07:10:47+00:00","og_image":[{"width":605,"height":295,"url":"https:\/\/i2.wp.com\/gouvinfo.org\/IAI\/wp-content\/uploads\/image10.png?fit=605%2C295&ssl=1","type":"image\/png"}],"author":"jpperrein","twitter_card":"summary_large_image","twitter_creator":"@jpperrein","twitter_site":"@gouvinfo","twitter_misc":{"\u00c9crit par":"jpperrein","Dur\u00e9e de lecture estim\u00e9e":"2 minutes"},"schema":{"@context":"https:\/\/schema.org","@graph":[{"@type":"Article","@id":"https:\/\/gouvinfo.org\/IAI\/des-normes-et-des-standards-autour-de-la-gouvernance-de-linformation\/#article","isPartOf":{"@id":"https:\/\/gouvinfo.org\/IAI\/des-normes-et-des-standards-autour-de-la-gouvernance-de-linformation\/"},"author":{"name":"jpperrein","@id":"https:\/\/gouvinfo.org\/IAI\/#\/schema\/person\/f0df9788278af94ed35bb3be19187dd1"},"headline":"Des normes et des standards autour de la gouvernance de l&#8217;information","datePublished":"2012-05-22T08:00:51+00:00","dateModified":"2013-07-16T07:10:47+00:00","mainEntityOfPage":{"@id":"https:\/\/gouvinfo.org\/IAI\/des-normes-et-des-standards-autour-de-la-gouvernance-de-linformation\/"},"wordCount":472,"commentCount":1,"image":{"@id":"https:\/\/gouvinfo.org\/IAI\/des-normes-et-des-standards-autour-de-la-gouvernance-de-linformation\/#primaryimage"},"thumbnailUrl":"https:\/\/i0.wp.com\/gouvinfo.org\/IAI\/wp-content\/uploads\/image10.png?fit=605%2C295&ssl=1","keywords":["Fondamentaux","gestion de l'information","Information","Normes","transformation digitale"],"articleSection":["Etudes","Fondamentaux","Gouvernance de l'information"],"inLanguage":"fr-FR","potentialAction":[{"@type":"CommentAction","name":"Comment","target":["https:\/\/gouvinfo.org\/IAI\/des-normes-et-des-standards-autour-de-la-gouvernance-de-linformation\/#respond"]}]},{"@type":"WebPage","@id":"https:\/\/gouvinfo.org\/IAI\/des-normes-et-des-standards-autour-de-la-gouvernance-de-linformation\/","url":"https:\/\/gouvinfo.org\/IAI\/des-normes-et-des-standards-autour-de-la-gouvernance-de-linformation\/","name":"Des normes et des standards autour de la gouvernance de l'information - #GouvInfo","isPartOf":{"@id":"https:\/\/gouvinfo.org\/IAI\/#website"},"primaryImageOfPage":{"@id":"https:\/\/gouvinfo.org\/IAI\/des-normes-et-des-standards-autour-de-la-gouvernance-de-linformation\/#primaryimage"},"image":{"@id":"https:\/\/gouvinfo.org\/IAI\/des-normes-et-des-standards-autour-de-la-gouvernance-de-linformation\/#primaryimage"},"thumbnailUrl":"https:\/\/i0.wp.com\/gouvinfo.org\/IAI\/wp-content\/uploads\/image10.png?fit=605%2C295&ssl=1","datePublished":"2012-05-22T08:00:51+00:00","dateModified":"2013-07-16T07:10:47+00:00","author":{"@id":"https:\/\/gouvinfo.org\/IAI\/#\/schema\/person\/f0df9788278af94ed35bb3be19187dd1"},"description":"La communaut\u00e9 de l'info fait du flux Information un des fondamentaux de nos organisations, pour favoriser une bonne gouvernance de l'information - IAI.","inLanguage":"fr-FR","potentialAction":[{"@type":"ReadAction","target":["https:\/\/gouvinfo.org\/IAI\/des-normes-et-des-standards-autour-de-la-gouvernance-de-linformation\/"]}]},{"@type":"ImageObject","inLanguage":"fr-FR","@id":"https:\/\/gouvinfo.org\/IAI\/des-normes-et-des-standards-autour-de-la-gouvernance-de-linformation\/#primaryimage","url":"https:\/\/i0.wp.com\/gouvinfo.org\/IAI\/wp-content\/uploads\/image10.png?fit=605%2C295&ssl=1","contentUrl":"https:\/\/i0.wp.com\/gouvinfo.org\/IAI\/wp-content\/uploads\/image10.png?fit=605%2C295&ssl=1","width":"605","height":"295"},{"@type":"WebSite","@id":"https:\/\/gouvinfo.org\/IAI\/#website","url":"https:\/\/gouvinfo.org\/IAI\/","name":"#GouvInfo","description":"D\u00e9velopper une vue globale des donn\u00e9es et de leurs gouvernances","potentialAction":[{"@type":"SearchAction","target":{"@type":"EntryPoint","urlTemplate":"https:\/\/gouvinfo.org\/IAI\/?s={search_term_string}"},"query-input":{"@type":"PropertyValueSpecification","valueRequired":true,"valueName":"search_term_string"}}],"inLanguage":"fr-FR"},{"@type":"Person","@id":"https:\/\/gouvinfo.org\/IAI\/#\/schema\/person\/f0df9788278af94ed35bb3be19187dd1","name":"jpperrein","image":{"@type":"ImageObject","inLanguage":"fr-FR","@id":"https:\/\/secure.gravatar.com\/avatar\/f43c679f1f17e8fcb87bbb55a919d95b6d336c32937edc8508fe941c2abf3122?s=96&d=mm&r=g","url":"https:\/\/secure.gravatar.com\/avatar\/f43c679f1f17e8fcb87bbb55a919d95b6d336c32937edc8508fe941c2abf3122?s=96&d=mm&r=g","contentUrl":"https:\/\/secure.gravatar.com\/avatar\/f43c679f1f17e8fcb87bbb55a919d95b6d336c32937edc8508fe941c2abf3122?s=96&d=mm&r=g","caption":"jpperrein"},"description":"Jean-Pascal Perrein, mentor sp\u00e9cialis\u00e9 en pilotage du flux Information, j\u2019interviens sur des projets de gouvernance et de management de de la donn\u00e9e contextualis\u00e9e. Ma passion est sur tout ce qui touche l\u2019information, sa mod\u00e9lisation, sa gouvernance, ses usages, son organisation, les changements qui vont autour, les impacts culturels. Partager avec des personnes qui ont cette m\u00eame passion autour de l\u2019information et du comment mieux la valoriser, et un vrai plaisir et challenge que j\u2019aime \u00e0 relever en cr\u00e9ant des opportunit\u00e9s. L\u2019observatoire GouvInfo de la gouvernance de l\u2019information en est un, son r\u00e9seau social ComInfo en est un autre, les IAI-Awards encore un autre, ainsi que le DMFI, les ILP, les MAI, ... . En 2011, j\u2019ai cr\u00e9\u00e9 mon cabinet de conseil 3org conseil, orient\u00e9 mentorat, tout simplement avec un souhait d\u2019aller vers un nouveau type de mod\u00e8le \u00e9conomique, penser et faire autrement, raisonner sur des cycles sup\u00e9rieur \u00e0 1 an, sortir de logiques commerciales quantitatives et se baser sur le plaisir \u00e0 faire de l\u2019innovation et de la valeur avec des personnes qui ont aussi envie d'avancer dans ce sens.","sameAs":["https:\/\/www.3org.com","http:\/\/www.facebook.com\/gouvinfo?sk=wall","http:\/\/www.linkedin.com\/groups\/Gouvernance-linformation-3929593?trk=myg_ugrp_ovr","https:\/\/x.com\/jpperrein"],"url":"https:\/\/gouvinfo.org\/IAI\/author\/jpperrein\/"}]}},"jetpack_publicize_connections":[],"jetpack_featured_media_url":"https:\/\/i0.wp.com\/gouvinfo.org\/IAI\/wp-content\/uploads\/image10.png?fit=605%2C295&ssl=1","jetpack_shortlink":"https:\/\/wp.me\/p3WHBZ-ze","jetpack_sharing_enabled":true,"_links":{"self":[{"href":"https:\/\/gouvinfo.org\/IAI\/wp-json\/wp\/v2\/posts\/2184","targetHints":{"allow":["GET"]}}],"collection":[{"href":"https:\/\/gouvinfo.org\/IAI\/wp-json\/wp\/v2\/posts"}],"about":[{"href":"https:\/\/gouvinfo.org\/IAI\/wp-json\/wp\/v2\/types\/post"}],"author":[{"embeddable":true,"href":"https:\/\/gouvinfo.org\/IAI\/wp-json\/wp\/v2\/users\/2"}],"replies":[{"embeddable":true,"href":"https:\/\/gouvinfo.org\/IAI\/wp-json\/wp\/v2\/comments?post=2184"}],"version-history":[{"count":2,"href":"https:\/\/gouvinfo.org\/IAI\/wp-json\/wp\/v2\/posts\/2184\/revisions"}],"predecessor-version":[{"id":3830,"href":"https:\/\/gouvinfo.org\/IAI\/wp-json\/wp\/v2\/posts\/2184\/revisions\/3830"}],"wp:featuredmedia":[{"embeddable":true,"href":"https:\/\/gouvinfo.org\/IAI\/wp-json\/wp\/v2\/media\/2182"}],"wp:attachment":[{"href":"https:\/\/gouvinfo.org\/IAI\/wp-json\/wp\/v2\/media?parent=2184"}],"wp:term":[{"taxonomy":"category","embeddable":true,"href":"https:\/\/gouvinfo.org\/IAI\/wp-json\/wp\/v2\/categories?post=2184"},{"taxonomy":"post_tag","embeddable":true,"href":"https:\/\/gouvinfo.org\/IAI\/wp-json\/wp\/v2\/tags?post=2184"}],"curies":[{"name":"wp","href":"https:\/\/api.w.org\/{rel}","templated":true}]}}