{"id":33911,"date":"2021-07-16T14:20:12","date_gmt":"2021-07-16T12:20:12","guid":{"rendered":"https:\/\/gouvinfo.org\/IAI\/?p=33911"},"modified":"2021-07-21T09:06:37","modified_gmt":"2021-07-21T07:06:37","slug":"prospective_data_gouvinfo_iai","status":"publish","type":"post","link":"https:\/\/gouvinfo.org\/IAI\/prospective_data_gouvinfo_iai\/","title":{"rendered":"Prospective Data &#8211; Appel \u00e0 contribution"},"content":{"rendered":"<p>[et_pb_section fb_built=&#8221;1&#8243; _builder_version=&#8221;4.9.7&#8243; _module_preset=&#8221;default&#8221;][et_pb_row _builder_version=&#8221;4.9.7&#8243; _module_preset=&#8221;default&#8221;][et_pb_column type=&#8221;4_4&#8243; _builder_version=&#8221;4.9.7&#8243; _module_preset=&#8221;default&#8221;][et_pb_text _builder_version=&#8221;4.9.7&#8243; _module_preset=&#8221;default&#8221; text_font=&#8221;|700||||on|||&#8221; text_text_color=&#8221;#645452&#8243; text_font_size=&#8221;33px&#8221; text_orientation=&#8221;center&#8221;]<\/p>\n<p>Journ\u00e9e prospective Data<\/p>\n<p>[\/et_pb_text][\/et_pb_column][\/et_pb_row][et_pb_row column_structure=&#8221;2_5,3_5&#8243; _builder_version=&#8221;4.9.7&#8243; _module_preset=&#8221;default&#8221;][et_pb_column type=&#8221;2_5&#8243; _builder_version=&#8221;4.9.7&#8243; _module_preset=&#8221;default&#8221;][et_pb_cta button_url=&#8221;https:\/\/gouvinfo.org\/IAI\/wp-content\/uploads\/GouvInfo-IAI-Appel-a-contribution-28-09-2021.pdf&#8221; button_text=&#8221;T\u00e9l\u00e9chargez l&#8217;appel \u00e0 contribution&#8221; _builder_version=&#8221;4.9.7&#8243; _module_preset=&#8221;default&#8221; header_font=&#8221;|600|||||||&#8221; header_text_align=&#8221;center&#8221; header_text_color=&#8221;#000066&#8243; header_line_height=&#8221;1.9em&#8221; body_font=&#8221;|||||on|||&#8221; body_text_align=&#8221;justify&#8221; body_text_color=&#8221;#000066&#8243; body_font_size=&#8221;16px&#8221; background_image=&#8221;https:\/\/gouvinfo.org\/IAI\/wp-content\/uploads\/section-background.jpg&#8221; parallax=&#8221;on&#8221; custom_button=&#8221;on&#8221; button_text_size=&#8221;19px&#8221; button_text_color=&#8221;#FFFFFF&#8221; button_bg_color=&#8221;#ff6300&#8243; button_border_width=&#8221;2px&#8221; button_border_radius=&#8221;9px&#8221; button_font=&#8221;|600||||on|||&#8221; border_radii=&#8221;on|9px|9px|9px|9px&#8221; box_shadow_style=&#8221;preset1&#8243;]<\/p>\n<p>&nbsp;<\/p>\n<p style=\"text-align: justify;\">Le 28 septembre 2021, GouvInfo IAI organise sa journ\u00e9e \u00ab\u00a0<strong>Prospective Data<\/strong>\u00a0\u00bb sous le th\u00e8me de \u00ab\u00a0<strong>l\u2019<\/strong><strong>\u00e9<\/strong><strong>cosyst\u00e8me des donn\u00e9es, quels impacts sur notre soci\u00e9t\u00e9 professionnelle<\/strong> \u00bb. Vous pouvez participer et partager votre exp\u00e9rience.<\/p>\n<p>&nbsp;<\/p>\n<p>[\/et_pb_cta][\/et_pb_column][et_pb_column type=&#8221;3_5&#8243; _builder_version=&#8221;4.9.7&#8243; _module_preset=&#8221;default&#8221;][et_pb_text _builder_version=&#8221;4.9.7&#8243; _module_preset=&#8221;default&#8221; text_font=&#8221;||||||||&#8221; text_font_size=&#8221;16px&#8221; header_text_align=&#8221;justify&#8221;]<\/p>\n<p style=\"text-align: justify;\">Cet \u00e9v\u00e8nement sera un mixte pr\u00e9sentiel \u2013 distanciel. Le pr\u00e9sentiel sera \u00e0 Paris 19<sup>\u00e8me<\/sup>, dans les locaux de la CNAV \u00e0 la CanTeam.\u00a0 La journ\u00e9e sera rythm\u00e9e par 4 grands moments d\u2019apports, renforc\u00e9s par des mini-ateliers interactifs. Avec comme \u00e9v\u00e8nements : Des retours d\u2019exp\u00e9rience orchestr\u00e9s, une intervention de la CNAV, une conf\u00e9rence d\u00e9bat sur l\u2019\u00e9volution de la soci\u00e9t\u00e9 professionnelle face \u00e0 l\u2019\u00e9cosyst\u00e8me des donn\u00e9es, avec une vue humaine, une sur les r\u00e8gles de gouvernance et une sur la technologie, et un atelier de reformulation d&#8217;initiatives avec une vue globale.<\/p>\n<p>La conf\u00e9rence-d\u00e9bat \u00ab retour d\u2019exp\u00e9rience \u00bb, serait une organisation th\u00e9matique d\u2019un ensemble de pitchs. L\u2019assemblage serait organis\u00e9 et agenc\u00e9 pour faire apparaitre une logique d\u2019exp\u00e9rience qui enrichirait la participation de chacun(e).<\/p>\n<p>L\u2019appel \u00e0 contribution <u>est ouvert \u00e0 toutes les personnes qui le souhaitent<\/u> avec une priorit\u00e9 donn\u00e9e aux membres de l\u2019association ainsi qu\u2019aux personnes ayant particip\u00e9 \u00e0 une des initiatives de GouvInfo IAI.<\/p>\n<p>[\/et_pb_text][\/et_pb_column][\/et_pb_row][et_pb_row _builder_version=&#8221;4.9.9&#8243; _module_preset=&#8221;default&#8221;][et_pb_column _builder_version=&#8221;4.9.9&#8243; _module_preset=&#8221;default&#8221; type=&#8221;4_4&#8243;][et_pb_text _builder_version=&#8221;4.9.9&#8243; _module_preset=&#8221;default&#8221; hover_enabled=&#8221;0&#8243; sticky_enabled=&#8221;0&#8243; text_font=&#8221;|||||on|||&#8221;]<\/p>\n<h4 style=\"text-align: center;\"><span style=\"text-decoration: underline;\"><em><strong><\/strong><\/em><\/span><\/h4>\n<h4 style=\"text-align: center;\"><span style=\"text-decoration: underline;\"><em><strong><a href=\"https:\/\/www.weezevent.com\/prospective-data\"><\/a><\/strong><\/em><\/span><\/h4>\n<h4 style=\"text-align: center;\"><a href=\"https:\/\/www.weezevent.com\/prospective-data\" target=\"_blank\" rel=\"noopener\"><span style=\"text-decoration: underline;\"><em><strong>N&#8217;oubliez pas de\u00a0<\/strong><\/em><\/span><em><b><u>r\u00e9server<\/u><\/b><b style=\"text-decoration-line: underline;\">\u00a0la date pour la journ\u00e9e du 28 septembre 2021<\/b><\/em><\/a><\/h4>\n<p>[\/et_pb_text][\/et_pb_column][\/et_pb_row][\/et_pb_section]<\/p>\n","protected":false},"excerpt":{"rendered":"<p>GouvInfo IAI organise sa journ\u00e9e \u00ab Prospective Data \u00bb sous le th\u00e8me de \u00ab l\u2019\u00e9cosyst\u00e8me des donn\u00e9es, quels impacts sur notre soci\u00e9t\u00e9 professionnelle \u00bb.<\/p>\n","protected":false},"author":10002,"featured_media":33922,"comment_status":"open","ping_status":"closed","sticky":true,"template":"","format":"standard","meta":{"_et_pb_use_builder":"on","_et_pb_old_content":"","_et_gb_content_width":"","jetpack_post_was_ever_published":false,"_jetpack_newsletter_access":"","_jetpack_dont_email_post_to_subs":false,"_jetpack_newsletter_tier_id":0,"_jetpack_memberships_contains_paywalled_content":false,"_jetpack_memberships_contains_paid_content":false,"footnotes":"","jetpack_publicize_message":"","jetpack_publicize_feature_enabled":true,"jetpack_social_post_already_shared":false,"jetpack_social_options":{"image_generator_settings":{"template":"highway","default_image_id":0,"font":"","enabled":false},"version":2}},"categories":[880,3],"tags":[],"class_list":["post-33911","post","type-post","status-publish","format-standard","has-post-thumbnail","hentry","category-evenement","category-gouvinfo"],"yoast_head":"<!-- This site is optimized with the Yoast SEO plugin v27.5 - https:\/\/yoast.com\/product\/yoast-seo-wordpress\/ -->\n<title>Prospective Data - Appel \u00e0 contribution - #GouvInfo<\/title>\n<meta name=\"description\" content=\"GouvInfo IAI organise sa journ\u00e9e \u00ab Prospective Data \u00bb sous le th\u00e8me de \u00ab l\u2019\u00e9cosyst\u00e8me des donn\u00e9es, quels impacts sur notre soci\u00e9t\u00e9 professionnelle \u00bb.\" \/>\n<meta name=\"robots\" content=\"index, follow, max-snippet:-1, max-image-preview:large, max-video-preview:-1\" \/>\n<link rel=\"canonical\" href=\"https:\/\/gouvinfo.org\/IAI\/prospective_data_gouvinfo_iai\/\" \/>\n<meta property=\"og:locale\" content=\"fr_FR\" \/>\n<meta property=\"og:type\" content=\"article\" \/>\n<meta property=\"og:title\" content=\"Prospective Data - Appel \u00e0 contribution - #GouvInfo\" \/>\n<meta property=\"og:description\" content=\"GouvInfo IAI organise sa journ\u00e9e \u00ab Prospective Data \u00bb sous le th\u00e8me de \u00ab l\u2019\u00e9cosyst\u00e8me des donn\u00e9es, quels impacts sur notre soci\u00e9t\u00e9 professionnelle \u00bb.\" \/>\n<meta property=\"og:url\" content=\"https:\/\/gouvinfo.org\/IAI\/prospective_data_gouvinfo_iai\/\" \/>\n<meta property=\"og:site_name\" content=\"#GouvInfo\" \/>\n<meta property=\"article:published_time\" content=\"2021-07-16T12:20:12+00:00\" \/>\n<meta property=\"article:modified_time\" content=\"2021-07-21T07:06:37+00:00\" \/>\n<meta property=\"og:image\" content=\"https:\/\/i2.wp.com\/gouvinfo.org\/IAI\/wp-content\/uploads\/Prospective-Data-2021-e1626509694126.png?fit=1024%2C254&ssl=1\" \/>\n\t<meta property=\"og:image:width\" content=\"1024\" \/>\n\t<meta property=\"og:image:height\" content=\"254\" \/>\n\t<meta property=\"og:image:type\" content=\"image\/png\" \/>\n<meta name=\"author\" content=\"GouvInfo IAI\" \/>\n<meta name=\"twitter:card\" content=\"summary_large_image\" \/>\n<meta name=\"twitter:creator\" content=\"@gouvinfo\" \/>\n<meta name=\"twitter:site\" content=\"@gouvinfo\" \/>\n<meta name=\"twitter:label1\" content=\"\u00c9crit par\" \/>\n\t<meta name=\"twitter:data1\" content=\"GouvInfo IAI\" \/>\n\t<meta name=\"twitter:label2\" content=\"Dur\u00e9e de lecture estim\u00e9e\" \/>\n\t<meta name=\"twitter:data2\" content=\"2 minutes\" \/>\n<script type=\"application\/ld+json\" class=\"yoast-schema-graph\">{\"@context\":\"https:\\\/\\\/schema.org\",\"@graph\":[{\"@type\":\"Article\",\"@id\":\"https:\\\/\\\/gouvinfo.org\\\/IAI\\\/prospective_data_gouvinfo_iai\\\/#article\",\"isPartOf\":{\"@id\":\"https:\\\/\\\/gouvinfo.org\\\/IAI\\\/prospective_data_gouvinfo_iai\\\/\"},\"author\":{\"name\":\"GouvInfo IAI\",\"@id\":\"https:\\\/\\\/gouvinfo.org\\\/IAI\\\/#\\\/schema\\\/person\\\/80562cf26170dbb6995859d4a37e1b9c\"},\"headline\":\"Prospective Data &#8211; Appel \u00e0 contribution\",\"datePublished\":\"2021-07-16T12:20:12+00:00\",\"dateModified\":\"2021-07-21T07:06:37+00:00\",\"mainEntityOfPage\":{\"@id\":\"https:\\\/\\\/gouvinfo.org\\\/IAI\\\/prospective_data_gouvinfo_iai\\\/\"},\"wordCount\":502,\"commentCount\":0,\"image\":{\"@id\":\"https:\\\/\\\/gouvinfo.org\\\/IAI\\\/prospective_data_gouvinfo_iai\\\/#primaryimage\"},\"thumbnailUrl\":\"https:\\\/\\\/i0.wp.com\\\/gouvinfo.org\\\/IAI\\\/wp-content\\\/uploads\\\/Prospective-Data-2021-e1626509694126.png?fit=1024%2C254&ssl=1\",\"articleSection\":[\"Evenement\",\"Gouvernance de l'information\"],\"inLanguage\":\"fr-FR\",\"potentialAction\":[{\"@type\":\"CommentAction\",\"name\":\"Comment\",\"target\":[\"https:\\\/\\\/gouvinfo.org\\\/IAI\\\/prospective_data_gouvinfo_iai\\\/#respond\"]}]},{\"@type\":\"WebPage\",\"@id\":\"https:\\\/\\\/gouvinfo.org\\\/IAI\\\/prospective_data_gouvinfo_iai\\\/\",\"url\":\"https:\\\/\\\/gouvinfo.org\\\/IAI\\\/prospective_data_gouvinfo_iai\\\/\",\"name\":\"Prospective Data - Appel \u00e0 contribution - #GouvInfo\",\"isPartOf\":{\"@id\":\"https:\\\/\\\/gouvinfo.org\\\/IAI\\\/#website\"},\"primaryImageOfPage\":{\"@id\":\"https:\\\/\\\/gouvinfo.org\\\/IAI\\\/prospective_data_gouvinfo_iai\\\/#primaryimage\"},\"image\":{\"@id\":\"https:\\\/\\\/gouvinfo.org\\\/IAI\\\/prospective_data_gouvinfo_iai\\\/#primaryimage\"},\"thumbnailUrl\":\"https:\\\/\\\/i0.wp.com\\\/gouvinfo.org\\\/IAI\\\/wp-content\\\/uploads\\\/Prospective-Data-2021-e1626509694126.png?fit=1024%2C254&ssl=1\",\"datePublished\":\"2021-07-16T12:20:12+00:00\",\"dateModified\":\"2021-07-21T07:06:37+00:00\",\"author\":{\"@id\":\"https:\\\/\\\/gouvinfo.org\\\/IAI\\\/#\\\/schema\\\/person\\\/80562cf26170dbb6995859d4a37e1b9c\"},\"description\":\"GouvInfo IAI organise sa journ\u00e9e \u00ab Prospective Data \u00bb sous le th\u00e8me de \u00ab l\u2019\u00e9cosyst\u00e8me des donn\u00e9es, quels impacts sur notre soci\u00e9t\u00e9 professionnelle \u00bb.\",\"inLanguage\":\"fr-FR\",\"potentialAction\":[{\"@type\":\"ReadAction\",\"target\":[\"https:\\\/\\\/gouvinfo.org\\\/IAI\\\/prospective_data_gouvinfo_iai\\\/\"]}]},{\"@type\":\"ImageObject\",\"inLanguage\":\"fr-FR\",\"@id\":\"https:\\\/\\\/gouvinfo.org\\\/IAI\\\/prospective_data_gouvinfo_iai\\\/#primaryimage\",\"url\":\"https:\\\/\\\/i0.wp.com\\\/gouvinfo.org\\\/IAI\\\/wp-content\\\/uploads\\\/Prospective-Data-2021-e1626509694126.png?fit=1024%2C254&ssl=1\",\"contentUrl\":\"https:\\\/\\\/i0.wp.com\\\/gouvinfo.org\\\/IAI\\\/wp-content\\\/uploads\\\/Prospective-Data-2021-e1626509694126.png?fit=1024%2C254&ssl=1\",\"width\":1024,\"height\":254},{\"@type\":\"WebSite\",\"@id\":\"https:\\\/\\\/gouvinfo.org\\\/IAI\\\/#website\",\"url\":\"https:\\\/\\\/gouvinfo.org\\\/IAI\\\/\",\"name\":\"#GouvInfo\",\"description\":\"D\u00e9velopper une vue globale des donn\u00e9es et de leurs gouvernances\",\"potentialAction\":[{\"@type\":\"SearchAction\",\"target\":{\"@type\":\"EntryPoint\",\"urlTemplate\":\"https:\\\/\\\/gouvinfo.org\\\/IAI\\\/?s={search_term_string}\"},\"query-input\":{\"@type\":\"PropertyValueSpecification\",\"valueRequired\":true,\"valueName\":\"search_term_string\"}}],\"inLanguage\":\"fr-FR\"},{\"@type\":\"Person\",\"@id\":\"https:\\\/\\\/gouvinfo.org\\\/IAI\\\/#\\\/schema\\\/person\\\/80562cf26170dbb6995859d4a37e1b9c\",\"name\":\"GouvInfo IAI\",\"image\":{\"@type\":\"ImageObject\",\"inLanguage\":\"fr-FR\",\"@id\":\"https:\\\/\\\/secure.gravatar.com\\\/avatar\\\/0a23ee55696f8c797bef23540f5e8f00a82ba384e6ae753492236c22fdd9183d?s=96&d=mm&r=g\",\"url\":\"https:\\\/\\\/secure.gravatar.com\\\/avatar\\\/0a23ee55696f8c797bef23540f5e8f00a82ba384e6ae753492236c22fdd9183d?s=96&d=mm&r=g\",\"contentUrl\":\"https:\\\/\\\/secure.gravatar.com\\\/avatar\\\/0a23ee55696f8c797bef23540f5e8f00a82ba384e6ae753492236c22fdd9183d?s=96&d=mm&r=g\",\"caption\":\"GouvInfo IAI\"},\"description\":\"GouvInfo IAI (Information Autonome Intelligente) est une initiative de \u00ab crowd mentoring \u00bb pour les personnes qui souhaitent voir le flux information autrement, stresser des sujets transverses, travailler la complexit\u00e9. Aujourd\u2019hui association loi 1901 \u00e0 but non lucratif, sa cible est de valider un mod\u00e8le puis \u00e0 terme de se transformer en coop\u00e9rative d\u2019int\u00e9r\u00eat collectif (SCIC). Bas\u00e9 sur un mod\u00e8le \u00e9conomique durable, sur des fondamentaux forts, et avec une approche d\u00e9cal\u00e9e, GouvInfo est aussi un terrain d\u2019opportunit\u00e9s pour tous, avec des valeurs fortes.\",\"sameAs\":[\"http:\\\/\\\/www.gouvinfo.org\",\"https:\\\/\\\/x.com\\\/gouvinfo\"],\"url\":\"https:\\\/\\\/gouvinfo.org\\\/IAI\\\/author\\\/gouvinfo-iai\\\/\"}]}<\/script>\n<!-- \/ Yoast SEO plugin. -->","yoast_head_json":{"title":"Prospective Data - Appel \u00e0 contribution - #GouvInfo","description":"GouvInfo IAI organise sa journ\u00e9e \u00ab Prospective Data \u00bb sous le th\u00e8me de \u00ab l\u2019\u00e9cosyst\u00e8me des donn\u00e9es, quels impacts sur notre soci\u00e9t\u00e9 professionnelle \u00bb.","robots":{"index":"index","follow":"follow","max-snippet":"max-snippet:-1","max-image-preview":"max-image-preview:large","max-video-preview":"max-video-preview:-1"},"canonical":"https:\/\/gouvinfo.org\/IAI\/prospective_data_gouvinfo_iai\/","og_locale":"fr_FR","og_type":"article","og_title":"Prospective Data - Appel \u00e0 contribution - #GouvInfo","og_description":"GouvInfo IAI organise sa journ\u00e9e \u00ab Prospective Data \u00bb sous le th\u00e8me de \u00ab l\u2019\u00e9cosyst\u00e8me des donn\u00e9es, quels impacts sur notre soci\u00e9t\u00e9 professionnelle \u00bb.","og_url":"https:\/\/gouvinfo.org\/IAI\/prospective_data_gouvinfo_iai\/","og_site_name":"#GouvInfo","article_published_time":"2021-07-16T12:20:12+00:00","article_modified_time":"2021-07-21T07:06:37+00:00","og_image":[{"width":1024,"height":254,"url":"https:\/\/i2.wp.com\/gouvinfo.org\/IAI\/wp-content\/uploads\/Prospective-Data-2021-e1626509694126.png?fit=1024%2C254&ssl=1","type":"image\/png"}],"author":"GouvInfo IAI","twitter_card":"summary_large_image","twitter_creator":"@gouvinfo","twitter_site":"@gouvinfo","twitter_misc":{"\u00c9crit par":"GouvInfo IAI","Dur\u00e9e de lecture estim\u00e9e":"2 minutes"},"schema":{"@context":"https:\/\/schema.org","@graph":[{"@type":"Article","@id":"https:\/\/gouvinfo.org\/IAI\/prospective_data_gouvinfo_iai\/#article","isPartOf":{"@id":"https:\/\/gouvinfo.org\/IAI\/prospective_data_gouvinfo_iai\/"},"author":{"name":"GouvInfo IAI","@id":"https:\/\/gouvinfo.org\/IAI\/#\/schema\/person\/80562cf26170dbb6995859d4a37e1b9c"},"headline":"Prospective Data &#8211; Appel \u00e0 contribution","datePublished":"2021-07-16T12:20:12+00:00","dateModified":"2021-07-21T07:06:37+00:00","mainEntityOfPage":{"@id":"https:\/\/gouvinfo.org\/IAI\/prospective_data_gouvinfo_iai\/"},"wordCount":502,"commentCount":0,"image":{"@id":"https:\/\/gouvinfo.org\/IAI\/prospective_data_gouvinfo_iai\/#primaryimage"},"thumbnailUrl":"https:\/\/i0.wp.com\/gouvinfo.org\/IAI\/wp-content\/uploads\/Prospective-Data-2021-e1626509694126.png?fit=1024%2C254&ssl=1","articleSection":["Evenement","Gouvernance de l'information"],"inLanguage":"fr-FR","potentialAction":[{"@type":"CommentAction","name":"Comment","target":["https:\/\/gouvinfo.org\/IAI\/prospective_data_gouvinfo_iai\/#respond"]}]},{"@type":"WebPage","@id":"https:\/\/gouvinfo.org\/IAI\/prospective_data_gouvinfo_iai\/","url":"https:\/\/gouvinfo.org\/IAI\/prospective_data_gouvinfo_iai\/","name":"Prospective Data - Appel \u00e0 contribution - #GouvInfo","isPartOf":{"@id":"https:\/\/gouvinfo.org\/IAI\/#website"},"primaryImageOfPage":{"@id":"https:\/\/gouvinfo.org\/IAI\/prospective_data_gouvinfo_iai\/#primaryimage"},"image":{"@id":"https:\/\/gouvinfo.org\/IAI\/prospective_data_gouvinfo_iai\/#primaryimage"},"thumbnailUrl":"https:\/\/i0.wp.com\/gouvinfo.org\/IAI\/wp-content\/uploads\/Prospective-Data-2021-e1626509694126.png?fit=1024%2C254&ssl=1","datePublished":"2021-07-16T12:20:12+00:00","dateModified":"2021-07-21T07:06:37+00:00","author":{"@id":"https:\/\/gouvinfo.org\/IAI\/#\/schema\/person\/80562cf26170dbb6995859d4a37e1b9c"},"description":"GouvInfo IAI organise sa journ\u00e9e \u00ab Prospective Data \u00bb sous le th\u00e8me de \u00ab l\u2019\u00e9cosyst\u00e8me des donn\u00e9es, quels impacts sur notre soci\u00e9t\u00e9 professionnelle \u00bb.","inLanguage":"fr-FR","potentialAction":[{"@type":"ReadAction","target":["https:\/\/gouvinfo.org\/IAI\/prospective_data_gouvinfo_iai\/"]}]},{"@type":"ImageObject","inLanguage":"fr-FR","@id":"https:\/\/gouvinfo.org\/IAI\/prospective_data_gouvinfo_iai\/#primaryimage","url":"https:\/\/i0.wp.com\/gouvinfo.org\/IAI\/wp-content\/uploads\/Prospective-Data-2021-e1626509694126.png?fit=1024%2C254&ssl=1","contentUrl":"https:\/\/i0.wp.com\/gouvinfo.org\/IAI\/wp-content\/uploads\/Prospective-Data-2021-e1626509694126.png?fit=1024%2C254&ssl=1","width":1024,"height":254},{"@type":"WebSite","@id":"https:\/\/gouvinfo.org\/IAI\/#website","url":"https:\/\/gouvinfo.org\/IAI\/","name":"#GouvInfo","description":"D\u00e9velopper une vue globale des donn\u00e9es et de leurs gouvernances","potentialAction":[{"@type":"SearchAction","target":{"@type":"EntryPoint","urlTemplate":"https:\/\/gouvinfo.org\/IAI\/?s={search_term_string}"},"query-input":{"@type":"PropertyValueSpecification","valueRequired":true,"valueName":"search_term_string"}}],"inLanguage":"fr-FR"},{"@type":"Person","@id":"https:\/\/gouvinfo.org\/IAI\/#\/schema\/person\/80562cf26170dbb6995859d4a37e1b9c","name":"GouvInfo IAI","image":{"@type":"ImageObject","inLanguage":"fr-FR","@id":"https:\/\/secure.gravatar.com\/avatar\/0a23ee55696f8c797bef23540f5e8f00a82ba384e6ae753492236c22fdd9183d?s=96&d=mm&r=g","url":"https:\/\/secure.gravatar.com\/avatar\/0a23ee55696f8c797bef23540f5e8f00a82ba384e6ae753492236c22fdd9183d?s=96&d=mm&r=g","contentUrl":"https:\/\/secure.gravatar.com\/avatar\/0a23ee55696f8c797bef23540f5e8f00a82ba384e6ae753492236c22fdd9183d?s=96&d=mm&r=g","caption":"GouvInfo IAI"},"description":"GouvInfo IAI (Information Autonome Intelligente) est une initiative de \u00ab crowd mentoring \u00bb pour les personnes qui souhaitent voir le flux information autrement, stresser des sujets transverses, travailler la complexit\u00e9. Aujourd\u2019hui association loi 1901 \u00e0 but non lucratif, sa cible est de valider un mod\u00e8le puis \u00e0 terme de se transformer en coop\u00e9rative d\u2019int\u00e9r\u00eat collectif (SCIC). Bas\u00e9 sur un mod\u00e8le \u00e9conomique durable, sur des fondamentaux forts, et avec une approche d\u00e9cal\u00e9e, GouvInfo est aussi un terrain d\u2019opportunit\u00e9s pour tous, avec des valeurs fortes.","sameAs":["http:\/\/www.gouvinfo.org","https:\/\/x.com\/gouvinfo"],"url":"https:\/\/gouvinfo.org\/IAI\/author\/gouvinfo-iai\/"}]}},"jetpack_publicize_connections":[],"jetpack_featured_media_url":"https:\/\/i0.wp.com\/gouvinfo.org\/IAI\/wp-content\/uploads\/Prospective-Data-2021-e1626509694126.png?fit=1024%2C254&ssl=1","jetpack_shortlink":"https:\/\/wp.me\/p3WHBZ-8OX","jetpack_sharing_enabled":true,"_links":{"self":[{"href":"https:\/\/gouvinfo.org\/IAI\/wp-json\/wp\/v2\/posts\/33911","targetHints":{"allow":["GET"]}}],"collection":[{"href":"https:\/\/gouvinfo.org\/IAI\/wp-json\/wp\/v2\/posts"}],"about":[{"href":"https:\/\/gouvinfo.org\/IAI\/wp-json\/wp\/v2\/types\/post"}],"author":[{"embeddable":true,"href":"https:\/\/gouvinfo.org\/IAI\/wp-json\/wp\/v2\/users\/10002"}],"replies":[{"embeddable":true,"href":"https:\/\/gouvinfo.org\/IAI\/wp-json\/wp\/v2\/comments?post=33911"}],"version-history":[{"count":7,"href":"https:\/\/gouvinfo.org\/IAI\/wp-json\/wp\/v2\/posts\/33911\/revisions"}],"predecessor-version":[{"id":33940,"href":"https:\/\/gouvinfo.org\/IAI\/wp-json\/wp\/v2\/posts\/33911\/revisions\/33940"}],"wp:featuredmedia":[{"embeddable":true,"href":"https:\/\/gouvinfo.org\/IAI\/wp-json\/wp\/v2\/media\/33922"}],"wp:attachment":[{"href":"https:\/\/gouvinfo.org\/IAI\/wp-json\/wp\/v2\/media?parent=33911"}],"wp:term":[{"taxonomy":"category","embeddable":true,"href":"https:\/\/gouvinfo.org\/IAI\/wp-json\/wp\/v2\/categories?post=33911"},{"taxonomy":"post_tag","embeddable":true,"href":"https:\/\/gouvinfo.org\/IAI\/wp-json\/wp\/v2\/tags?post=33911"}],"curies":[{"name":"wp","href":"https:\/\/api.w.org\/{rel}","templated":true}]}}