{"id":3628,"date":"2013-04-15T08:00:26","date_gmt":"2013-04-15T06:00:26","guid":{"rendered":"http:\/\/www.gouvinfo.org\/IAI\/?p=3628"},"modified":"2013-07-16T09:16:42","modified_gmt":"2013-07-16T07:16:42","slug":"metiers-moteurs-innovation-dsi","status":"publish","type":"post","link":"https:\/\/gouvinfo.org\/IAI\/metiers-moteurs-innovation-dsi\/","title":{"rendered":"Les m\u00e9tiers sont-ils les moteurs de l\u2019innovation de la DSI ?"},"content":{"rendered":"<p><em>Cette tribune libre d&#8217;<a href=\"http:\/\/elaurentpollen.com\">Eric Laurent<\/a>\u00a0est extraite d&#8217;un face \u00e0 face m\u00e9tiers \/ DSI portant sur le th\u00e8me de l&#8217;innovation et r\u00e9alis\u00e9 dans le cadre du livre sur la gouvernance de l&#8217;information\u00a0<strong><a href=\"http:\/\/www.gouvinfo.net\/cominfo\/document\/22\/livre-gouvinfo2013-un-oc%C3%A9an-bleu-dinformation\/\" target=\"_blank\">GouvInfo 2013 &#8220;Oc\u00e9an bleu&#8221;<\/a>\u00a0<\/strong><\/em><em>sous l&#8217;\u00e9gide de\u00a0<a href=\"http:\/\/hensen.fr\">Fabien Grenet, designer de service &amp; entrepreneur<\/a>.\u00a0<\/em><em>Retrouvez l&#8217;avis de<\/em><em>\u00a0<a href=\"http:\/\/greensi.fr\/\">Fr\u00e9d\u00e9ric Charles<\/a>\u00a0<\/em>sur cette question cruciale sur le\u00a0<a href=\"https:\/\/gouvinfo.org\/IAI\/dsi-moteur-innovations-metiers\/\" target=\"_blank\">blog ComInfo<\/a>.<\/p>\n<hr \/>\n<p style=\"text-align: justify;\">Les interactions, l&#8217;ouverture attendue pour laisser la place \u00e0 la\u00a0combinaison\u00a0convergence \/ divergence, source de disruption, appartiennent-elles v\u00e9ritablement \u00e0 un M\u00e9tier, \u00e0 une DSI, \u00e0 des strat\u00e8ges, \u00e0 une Direction ou une entit\u00e9 clairement identifi\u00e9e ?\u00a0Qui \u2013 finalement &#8211; pose la question d&#8217;un travailler autrement sur la cible de l&#8217;envoi de mails, de l&#8217;utilisation d&#8217;une liste de diffusion, de la mise \u00e0 jour d&#8217;un fichier, de la recherche d&#8217;une connaissance ou de comp\u00e9tences ?\u00a0Qui recherche une efficacit\u00e9 continue sur ces crit\u00e8res ? Un ou des individus, des \u00e9vang\u00e9listes quels que soient leurs p\u00e9rim\u00e8tres d&#8217;actions mais clairement des activistes de la transversalit\u00e9, de l&#8217;imm\u00e9diatet\u00e9, du collaborer ou communiquer autrement et de la transparence !<\/p>\n<p style=\"text-align: justify;\">Toute cette innovation ne devrait-elle pas \u00eatre incr\u00e9mentale\u00a0et quotidienne\u00a0?\u00a0Par exemple, les lancements de RSE par les \u00e9vang\u00e9listes font\u00a0na\u00eetre une\u00a0autre fa\u00e7on de travailler dont l\u2019incubation ne peut \u00eatre efficace que si la conduite du changement est au rendez vous\u2026\u00a0\u00a0Et si pour l&#8217;acc\u00e8s \u00e0 l&#8217;information,\u00a0les outils du cloud\u00a0assurent\u00a0d\u00e9sormais une\u00a0imm\u00e9diatet\u00e9 et\u00a0une\u00a0disponibilit\u00e9 de tous les instants,\u00a0un\u00a0acc\u00e8s direct aux bonnes informations au bon moment, est-ce suffisant pour assurer l&#8217;efficacit\u00e9 de l&#8217;individu ? N&#8217;oublions pas\u00a0qu&#8217;acheter\u00a0de nouvelles chaussures de football n\u2019assure pas de changer\u00a0ses\u00a0r\u00e9flexes sur le terrain&#8230;<\/p>\n<p style=\"text-align: justify;\"><strong>Changeons nos outils mais travaillons avant tout nos habitudes de travail et en amont notre mani\u00e8re d&#8217;apprendre et d&#8217;apprendre \u00e0 apprendre ! La conduite du changement, au plus pr\u00e8s du collaborateur, est au c\u0153ur de cette ambition.<\/strong><\/p>\n<p style=\"text-align: justify;\">Lorsque les \u00e9vang\u00e9listes ou activistes M\u00e9tiers rencontrent leur DSI,\u00a0est-ce un mariage, un PACS, une union libre\u00a0ou\u00a0une relation tumultueuse ?\u00a0Qui est pr\u00e9curseur ? Le m\u00e9tier qui exprime le besoin de travailler autrement et s&#8217;affranchit de sa DSI pour acheter une solution en mode SAAS ? (30% des Metiers s&#8217;affranchissent de leur DSI &#8211; <a href=\"http:\/\/bit.ly\/U5DHZ2\">http:\/\/bit.ly\/U5DHZ2<\/a>) La DSI qui mobilise, interpelle,\u00a0sur la base de la r\u00e9volution internet et des outils de r\u00e9seaux sociaux ?\u00a0L&#8217;\u00e9clairage\u00a0et\u00a0la prise de conscience\u00a0appartiennent certainement \u00e0 la DSI qui n&#8217;a d&#8217;autre alternative que de sortir de son p\u00e9rim\u00e8tre outils pour porter du sens pendant que le M\u00e9tier va capitaliser de l&#8217;exp\u00e9rience, fort de son action dans la vraie vie lui permettant d\u2019identifier ses besoins par l\u2019apprentissage continu.\u00a0Mais\u00a0les\u00a0collaborateurs de la DSI viennent-ils prendre conscience des contraintes au quotidien des Chefs de Projet\u00a0m\u00e9tier, de l&#8217;empilage des projets et des priorit\u00e9s souvent commerciales des acteurs du terrain ? Et les Chefs de Projet\u00a0m\u00e9tier\u00a0sont-ils suffisamment \u00e9veill\u00e9s et \u00e0 l\u2019\u00e9coute des solutions et contraintes SI, par exemple\u00a0en mati\u00e8re de s\u00e9curit\u00e9 des donn\u00e9es ?<\/p>\n<p style=\"text-align: justify;\"><strong>Le couple DSI \/ M\u00e9tier qui s&#8217;est rencontr\u00e9 dans un \u00e9change de mail (ou sur\u00a0Meetic ?)\u00a0ne vivra durablement que dans la rencontre physique !<\/strong><\/p>\n<p style=\"text-align: justify;\">S&#8217;ouvrir vers l&#8217;autre, s&#8217;exposer, travailler de mani\u00e8re transverse, c&#8217;est accepter cette \u00e9conomie de la connaissance qui devient de plus en plus pr\u00e9gnante et qui nourrit les leviers de l&#8217;innovation. A charge donc pour nous de \u00ab\u00a0repenser nos processus de circulation de l&#8217;information, de collaboration et de coordination\u00a0\u00bb (Aur\u00e9lie Dud\u00e9zert &#8211;\u00a0La connaissance dans les entreprises &#8211; <a href=\"http:\/\/amzn.to\/VPH4jc\">http:\/\/amzn.to\/VPH4jc<\/a>) en gardant \u00e0 l&#8217;esprit que \u00ab\u00a0les m\u00e9dias sociaux compressent le temps\u00a0\u00bb (David Meerman Scott &#8211;\u00a0The New Rules of Marketing and PR &#8211; <a href=\"http:\/\/amzn.to\/14ND9ZZ\">http:\/\/amzn.to\/14ND9ZZ<\/a>).<\/p>\n<div>\n<hr \/>\n<\/div>\n<div>\n<div style=\"text-align: justify;\" align=\"justify\"><strong><\/strong><strong><img data-recalc-dims=\"1\" loading=\"lazy\" decoding=\"async\" alt=\"\" src=\"https:\/\/i0.wp.com\/gouvinfo.org\/IAI\/wp-content\/uploads\/Eric-Laurent.png?resize=67%2C67&#038;ssl=1\" width=\"67\" height=\"67\" align=\"left\" \/><\/strong><strong>\u00c9ric LAURENT \u2013 Responsable animation fili\u00e8re Suret\u00e9 \u2013 La Poste Enseigne<\/strong><br \/>\nJ\u2019ai appris sur le terrain \u00e0 partir d\u2019un travail d\u2019autodidacte sur des ouvrages US de KM, puis de Social Media. J\u2019ai donn\u00e9 des cours de KM sur un Master 2 pendant 6 ans. De guichetier \u00e0 collaborateur du Si\u00e8ge de la Poste, j\u2019ai accompagn\u00e9 la Conduite du Changement du projet Esprit Service Client (nouveau format de Bureau de Poste) puis le lancement de La Poste Mobile. Depuis f\u00e9vrier 2012 mon activit\u00e9 se concentre sur le lancement et l\u2019animation de RSE.<\/div>\n<hr \/>\n<p style=\"text-align: justify;\"><strong><sub><em>Cet article est extrait du <a href=\"http:\/\/www.gouvinfo.net\/cominfo\/document\/22\/livre-gouvinfo2013-un-oc%C3%A9an-bleu-dinformation\/\" target=\"_blank\">livre GouvInfo 2013 &#8220;Oc\u00e9an bleu&#8221;<\/a> auquel ont particip\u00e9 les personnes suivantes : William BRES, V\u00e9ronique BONIN, Toufik LAMECHE, Thomas CHEJFEC, Thierry BRUNET, Ruth MARTINEZ, R\u00e9mi VECINA, Philippe OLLIVIER, Philippe GUILLARD, Philippe BONFILS, Patrick L&#8217;ARCHEVEQUE, Patricia L\u2019ESPRIT, Pascale PAJONA, Pascale DESPOMADERES, Omar MAROUF, Myl\u00e8ne GENAIRON, Marielle VO-VAN LIGER, Marc BORRY, Olivier FAURA, Lyonel SIREUILLE, Laurent PREVEL, Jordane PAQUET, Jihane SEBAI, J\u00e9r\u00f4me THUEZ, Jean-Pascal PERREIN, Jean-Marie SECA, Jean-Luc ABELIN, Jean-Louis JANSSENS, Jean-Claude DIJAN, Ir\u00e8ne ALLOUCHE, Gilles VASSAL, Giancarlo UCCHINO, Fr\u00e9d\u00e9ric CHARLES, Florent DEWAS, Fatima Zahra LAAOUINI, Fabien GRENET, \u00c9ric LAURENT, \u00c9ric DAVID, David BERRIN, Daniel COLAS, Damien BRUT\u00c9 DE R\u00c9MUR, Caroline LEBEAU, Cindy BOULLIER, Christophe MEGEVAND, Christophe LAIGLE, Christophe BINOT, Catherine ROBERT-D\u2019AUTUN, Camille HUGENTOBLER, Anne-Marie LIBMANN, Alister ESAM, Alain GARNIER. Ces personnes travaillent dans les soci\u00e9t\u00e9s suivantes : TOTAL, UVSQ, Universit\u00e9 du Sud, Universit\u00e9 de Versailles, Universit\u00e9 de Lorraine, The Idea Starter Company, TEREOS, Telecom Paris, SYSELIO , Suez Environnement, Soci\u00e9t\u00e9 G\u00e9n\u00e9rale, Socabat, SNCF, SMA BTP, Selement, RSD, PSA, Police F\u00e9d\u00e9rale de Belgique, PHENIX INNOVATION, Opentext, Minist\u00e8re de la D\u00e9fense, Lyonnaise des Eaux, Lafarge, La Poste Enseigne, La Banque Postale, Jamespot, Interaction-Game, INSEAD, IBM, HENSEN conseil, Everial, Essec, eShare, \u00c9cole Centrale de Paris, DC\u00b2, Bouygues Telecom, Alter&amp;Co, Aldes, 3org, @bs.<\/em><\/sub><\/strong><\/p>\n<\/div>\n","protected":false},"excerpt":{"rendered":"<p>Cette tribune libre d&#8217;Eric Laurent\u00a0est extraite d&#8217;un face \u00e0 face m\u00e9tiers \/ DSI portant sur le th\u00e8me de l&#8217;innovation et r\u00e9alis\u00e9 dans le cadre du livre sur [&hellip;]<\/p>\n","protected":false},"author":16,"featured_media":3631,"comment_status":"open","ping_status":"closed","sticky":false,"template":"","format":"standard","meta":{"_et_pb_use_builder":"","_et_pb_old_content":"","_et_gb_content_width":"","jetpack_post_was_ever_published":false,"_jetpack_newsletter_access":"","_jetpack_dont_email_post_to_subs":false,"_jetpack_newsletter_tier_id":0,"_jetpack_memberships_contains_paywalled_content":false,"_jetpack_memberships_contains_paid_content":false,"footnotes":"","jetpack_publicize_message":"","jetpack_publicize_feature_enabled":true,"jetpack_social_post_already_shared":false,"jetpack_social_options":{"image_generator_settings":{"template":"highway","default_image_id":0,"font":"","enabled":false},"version":2}},"categories":[97,3,223],"tags":[792,17,11,915,21,784,791,793,216],"class_list":["post-3628","post","type-post","status-publish","format-standard","has-post-thumbnail","hentry","category-etudes","category-gouvinfo","category-innovation","tag-cloud","tag-collaboratif","tag-communaute","tag-innovation","tag-livre-blanc","tag-livre-gouvinfo","tag-reseaux-sociaux-dentreprise-2","tag-saas","tag-usages"],"yoast_head":"<!-- This site is optimized with the Yoast SEO plugin v27.5 - https:\/\/yoast.com\/product\/yoast-seo-wordpress\/ -->\n<title>Les m\u00e9tiers sont-ils les moteurs de l\u2019innovation de la DSI ? - #GouvInfo<\/title>\n<meta name=\"description\" content=\"innovation, DSI, m\u00e9tier, gouvernance de l&#039;Information\" \/>\n<meta name=\"robots\" content=\"index, follow, max-snippet:-1, max-image-preview:large, max-video-preview:-1\" \/>\n<link rel=\"canonical\" href=\"https:\/\/gouvinfo.org\/IAI\/metiers-moteurs-innovation-dsi\/\" \/>\n<meta property=\"og:locale\" content=\"fr_FR\" \/>\n<meta property=\"og:type\" content=\"article\" \/>\n<meta property=\"og:title\" content=\"Les m\u00e9tiers sont-ils les moteurs de l\u2019innovation de la DSI ? - #GouvInfo\" \/>\n<meta property=\"og:description\" content=\"innovation, DSI, m\u00e9tier, gouvernance de l&#039;Information\" \/>\n<meta property=\"og:url\" content=\"https:\/\/gouvinfo.org\/IAI\/metiers-moteurs-innovation-dsi\/\" \/>\n<meta property=\"og:site_name\" content=\"#GouvInfo\" \/>\n<meta property=\"article:published_time\" content=\"2013-04-15T06:00:26+00:00\" \/>\n<meta property=\"article:modified_time\" content=\"2013-07-16T07:16:42+00:00\" \/>\n<meta property=\"og:image\" content=\"https:\/\/i2.wp.com\/gouvinfo.org\/IAI\/wp-content\/uploads\/Eric-Laurent.png?fit=133%2C131&ssl=1\" \/>\n\t<meta property=\"og:image:width\" content=\"133\" \/>\n\t<meta property=\"og:image:height\" content=\"131\" \/>\n\t<meta property=\"og:image:type\" content=\"image\/png\" \/>\n<meta name=\"author\" content=\"Fabien Grenet\" \/>\n<meta name=\"twitter:card\" content=\"summary_large_image\" \/>\n<meta name=\"twitter:creator\" content=\"@gouvinfo\" \/>\n<meta name=\"twitter:site\" content=\"@gouvinfo\" \/>\n<meta name=\"twitter:label1\" content=\"\u00c9crit par\" \/>\n\t<meta name=\"twitter:data1\" content=\"Fabien Grenet\" \/>\n\t<meta name=\"twitter:label2\" content=\"Dur\u00e9e de lecture estim\u00e9e\" \/>\n\t<meta name=\"twitter:data2\" content=\"5 minutes\" \/>\n<script type=\"application\/ld+json\" class=\"yoast-schema-graph\">{\"@context\":\"https:\\\/\\\/schema.org\",\"@graph\":[{\"@type\":\"Article\",\"@id\":\"https:\\\/\\\/gouvinfo.org\\\/IAI\\\/metiers-moteurs-innovation-dsi\\\/#article\",\"isPartOf\":{\"@id\":\"https:\\\/\\\/gouvinfo.org\\\/IAI\\\/metiers-moteurs-innovation-dsi\\\/\"},\"author\":{\"name\":\"Fabien Grenet\",\"@id\":\"https:\\\/\\\/gouvinfo.org\\\/IAI\\\/#\\\/schema\\\/person\\\/244ee9c8831196026501e4ec30421136\"},\"headline\":\"Les m\u00e9tiers sont-ils les moteurs de l\u2019innovation de la DSI ?\",\"datePublished\":\"2013-04-15T06:00:26+00:00\",\"dateModified\":\"2013-07-16T07:16:42+00:00\",\"mainEntityOfPage\":{\"@id\":\"https:\\\/\\\/gouvinfo.org\\\/IAI\\\/metiers-moteurs-innovation-dsi\\\/\"},\"wordCount\":1002,\"commentCount\":0,\"image\":{\"@id\":\"https:\\\/\\\/gouvinfo.org\\\/IAI\\\/metiers-moteurs-innovation-dsi\\\/#primaryimage\"},\"thumbnailUrl\":\"https:\\\/\\\/i0.wp.com\\\/gouvinfo.org\\\/IAI\\\/wp-content\\\/uploads\\\/Eric-Laurent.png?fit=133%2C131&ssl=1\",\"keywords\":[\"Cloud\",\"collaboratif\",\"communaut\u00e9\",\"Innovation\",\"livre blanc\",\"Livre GouvInfo\",\"R\u00e9seaux Sociaux d'Entreprise\",\"SAAS\",\"Usages\"],\"articleSection\":[\"Etudes\",\"Gouvernance de l'information\",\"Innovation\"],\"inLanguage\":\"fr-FR\",\"potentialAction\":[{\"@type\":\"CommentAction\",\"name\":\"Comment\",\"target\":[\"https:\\\/\\\/gouvinfo.org\\\/IAI\\\/metiers-moteurs-innovation-dsi\\\/#respond\"]}]},{\"@type\":\"WebPage\",\"@id\":\"https:\\\/\\\/gouvinfo.org\\\/IAI\\\/metiers-moteurs-innovation-dsi\\\/\",\"url\":\"https:\\\/\\\/gouvinfo.org\\\/IAI\\\/metiers-moteurs-innovation-dsi\\\/\",\"name\":\"Les m\u00e9tiers sont-ils les moteurs de l\u2019innovation de la DSI ? - #GouvInfo\",\"isPartOf\":{\"@id\":\"https:\\\/\\\/gouvinfo.org\\\/IAI\\\/#website\"},\"primaryImageOfPage\":{\"@id\":\"https:\\\/\\\/gouvinfo.org\\\/IAI\\\/metiers-moteurs-innovation-dsi\\\/#primaryimage\"},\"image\":{\"@id\":\"https:\\\/\\\/gouvinfo.org\\\/IAI\\\/metiers-moteurs-innovation-dsi\\\/#primaryimage\"},\"thumbnailUrl\":\"https:\\\/\\\/i0.wp.com\\\/gouvinfo.org\\\/IAI\\\/wp-content\\\/uploads\\\/Eric-Laurent.png?fit=133%2C131&ssl=1\",\"datePublished\":\"2013-04-15T06:00:26+00:00\",\"dateModified\":\"2013-07-16T07:16:42+00:00\",\"author\":{\"@id\":\"https:\\\/\\\/gouvinfo.org\\\/IAI\\\/#\\\/schema\\\/person\\\/244ee9c8831196026501e4ec30421136\"},\"description\":\"innovation, DSI, m\u00e9tier, gouvernance de l'Information\",\"inLanguage\":\"fr-FR\",\"potentialAction\":[{\"@type\":\"ReadAction\",\"target\":[\"https:\\\/\\\/gouvinfo.org\\\/IAI\\\/metiers-moteurs-innovation-dsi\\\/\"]}]},{\"@type\":\"ImageObject\",\"inLanguage\":\"fr-FR\",\"@id\":\"https:\\\/\\\/gouvinfo.org\\\/IAI\\\/metiers-moteurs-innovation-dsi\\\/#primaryimage\",\"url\":\"https:\\\/\\\/i0.wp.com\\\/gouvinfo.org\\\/IAI\\\/wp-content\\\/uploads\\\/Eric-Laurent.png?fit=133%2C131&ssl=1\",\"contentUrl\":\"https:\\\/\\\/i0.wp.com\\\/gouvinfo.org\\\/IAI\\\/wp-content\\\/uploads\\\/Eric-Laurent.png?fit=133%2C131&ssl=1\",\"width\":133,\"height\":131},{\"@type\":\"WebSite\",\"@id\":\"https:\\\/\\\/gouvinfo.org\\\/IAI\\\/#website\",\"url\":\"https:\\\/\\\/gouvinfo.org\\\/IAI\\\/\",\"name\":\"#GouvInfo\",\"description\":\"D\u00e9velopper une vue globale des donn\u00e9es et de leurs gouvernances\",\"potentialAction\":[{\"@type\":\"SearchAction\",\"target\":{\"@type\":\"EntryPoint\",\"urlTemplate\":\"https:\\\/\\\/gouvinfo.org\\\/IAI\\\/?s={search_term_string}\"},\"query-input\":{\"@type\":\"PropertyValueSpecification\",\"valueRequired\":true,\"valueName\":\"search_term_string\"}}],\"inLanguage\":\"fr-FR\"},{\"@type\":\"Person\",\"@id\":\"https:\\\/\\\/gouvinfo.org\\\/IAI\\\/#\\\/schema\\\/person\\\/244ee9c8831196026501e4ec30421136\",\"name\":\"Fabien Grenet\",\"image\":{\"@type\":\"ImageObject\",\"inLanguage\":\"fr-FR\",\"@id\":\"https:\\\/\\\/secure.gravatar.com\\\/avatar\\\/154b7a67c8243962f512049fc01cadec1a71cddc7b9104e2bfd37e40abfd470c?s=96&d=mm&r=g\",\"url\":\"https:\\\/\\\/secure.gravatar.com\\\/avatar\\\/154b7a67c8243962f512049fc01cadec1a71cddc7b9104e2bfd37e40abfd470c?s=96&d=mm&r=g\",\"contentUrl\":\"https:\\\/\\\/secure.gravatar.com\\\/avatar\\\/154b7a67c8243962f512049fc01cadec1a71cddc7b9104e2bfd37e40abfd470c?s=96&d=mm&r=g\",\"caption\":\"Fabien Grenet\"},\"sameAs\":[\"http:\\\/\\\/haikusages.fr\"],\"url\":\"https:\\\/\\\/gouvinfo.org\\\/IAI\\\/author\\\/fabiengrenet\\\/\"}]}<\/script>\n<!-- \/ Yoast SEO plugin. -->","yoast_head_json":{"title":"Les m\u00e9tiers sont-ils les moteurs de l\u2019innovation de la DSI ? - #GouvInfo","description":"innovation, DSI, m\u00e9tier, gouvernance de l'Information","robots":{"index":"index","follow":"follow","max-snippet":"max-snippet:-1","max-image-preview":"max-image-preview:large","max-video-preview":"max-video-preview:-1"},"canonical":"https:\/\/gouvinfo.org\/IAI\/metiers-moteurs-innovation-dsi\/","og_locale":"fr_FR","og_type":"article","og_title":"Les m\u00e9tiers sont-ils les moteurs de l\u2019innovation de la DSI ? - #GouvInfo","og_description":"innovation, DSI, m\u00e9tier, gouvernance de l'Information","og_url":"https:\/\/gouvinfo.org\/IAI\/metiers-moteurs-innovation-dsi\/","og_site_name":"#GouvInfo","article_published_time":"2013-04-15T06:00:26+00:00","article_modified_time":"2013-07-16T07:16:42+00:00","og_image":[{"width":133,"height":131,"url":"https:\/\/i2.wp.com\/gouvinfo.org\/IAI\/wp-content\/uploads\/Eric-Laurent.png?fit=133%2C131&ssl=1","type":"image\/png"}],"author":"Fabien Grenet","twitter_card":"summary_large_image","twitter_creator":"@gouvinfo","twitter_site":"@gouvinfo","twitter_misc":{"\u00c9crit par":"Fabien Grenet","Dur\u00e9e de lecture estim\u00e9e":"5 minutes"},"schema":{"@context":"https:\/\/schema.org","@graph":[{"@type":"Article","@id":"https:\/\/gouvinfo.org\/IAI\/metiers-moteurs-innovation-dsi\/#article","isPartOf":{"@id":"https:\/\/gouvinfo.org\/IAI\/metiers-moteurs-innovation-dsi\/"},"author":{"name":"Fabien Grenet","@id":"https:\/\/gouvinfo.org\/IAI\/#\/schema\/person\/244ee9c8831196026501e4ec30421136"},"headline":"Les m\u00e9tiers sont-ils les moteurs de l\u2019innovation de la DSI ?","datePublished":"2013-04-15T06:00:26+00:00","dateModified":"2013-07-16T07:16:42+00:00","mainEntityOfPage":{"@id":"https:\/\/gouvinfo.org\/IAI\/metiers-moteurs-innovation-dsi\/"},"wordCount":1002,"commentCount":0,"image":{"@id":"https:\/\/gouvinfo.org\/IAI\/metiers-moteurs-innovation-dsi\/#primaryimage"},"thumbnailUrl":"https:\/\/i0.wp.com\/gouvinfo.org\/IAI\/wp-content\/uploads\/Eric-Laurent.png?fit=133%2C131&ssl=1","keywords":["Cloud","collaboratif","communaut\u00e9","Innovation","livre blanc","Livre GouvInfo","R\u00e9seaux Sociaux d'Entreprise","SAAS","Usages"],"articleSection":["Etudes","Gouvernance de l'information","Innovation"],"inLanguage":"fr-FR","potentialAction":[{"@type":"CommentAction","name":"Comment","target":["https:\/\/gouvinfo.org\/IAI\/metiers-moteurs-innovation-dsi\/#respond"]}]},{"@type":"WebPage","@id":"https:\/\/gouvinfo.org\/IAI\/metiers-moteurs-innovation-dsi\/","url":"https:\/\/gouvinfo.org\/IAI\/metiers-moteurs-innovation-dsi\/","name":"Les m\u00e9tiers sont-ils les moteurs de l\u2019innovation de la DSI ? - #GouvInfo","isPartOf":{"@id":"https:\/\/gouvinfo.org\/IAI\/#website"},"primaryImageOfPage":{"@id":"https:\/\/gouvinfo.org\/IAI\/metiers-moteurs-innovation-dsi\/#primaryimage"},"image":{"@id":"https:\/\/gouvinfo.org\/IAI\/metiers-moteurs-innovation-dsi\/#primaryimage"},"thumbnailUrl":"https:\/\/i0.wp.com\/gouvinfo.org\/IAI\/wp-content\/uploads\/Eric-Laurent.png?fit=133%2C131&ssl=1","datePublished":"2013-04-15T06:00:26+00:00","dateModified":"2013-07-16T07:16:42+00:00","author":{"@id":"https:\/\/gouvinfo.org\/IAI\/#\/schema\/person\/244ee9c8831196026501e4ec30421136"},"description":"innovation, DSI, m\u00e9tier, gouvernance de l'Information","inLanguage":"fr-FR","potentialAction":[{"@type":"ReadAction","target":["https:\/\/gouvinfo.org\/IAI\/metiers-moteurs-innovation-dsi\/"]}]},{"@type":"ImageObject","inLanguage":"fr-FR","@id":"https:\/\/gouvinfo.org\/IAI\/metiers-moteurs-innovation-dsi\/#primaryimage","url":"https:\/\/i0.wp.com\/gouvinfo.org\/IAI\/wp-content\/uploads\/Eric-Laurent.png?fit=133%2C131&ssl=1","contentUrl":"https:\/\/i0.wp.com\/gouvinfo.org\/IAI\/wp-content\/uploads\/Eric-Laurent.png?fit=133%2C131&ssl=1","width":133,"height":131},{"@type":"WebSite","@id":"https:\/\/gouvinfo.org\/IAI\/#website","url":"https:\/\/gouvinfo.org\/IAI\/","name":"#GouvInfo","description":"D\u00e9velopper une vue globale des donn\u00e9es et de leurs gouvernances","potentialAction":[{"@type":"SearchAction","target":{"@type":"EntryPoint","urlTemplate":"https:\/\/gouvinfo.org\/IAI\/?s={search_term_string}"},"query-input":{"@type":"PropertyValueSpecification","valueRequired":true,"valueName":"search_term_string"}}],"inLanguage":"fr-FR"},{"@type":"Person","@id":"https:\/\/gouvinfo.org\/IAI\/#\/schema\/person\/244ee9c8831196026501e4ec30421136","name":"Fabien Grenet","image":{"@type":"ImageObject","inLanguage":"fr-FR","@id":"https:\/\/secure.gravatar.com\/avatar\/154b7a67c8243962f512049fc01cadec1a71cddc7b9104e2bfd37e40abfd470c?s=96&d=mm&r=g","url":"https:\/\/secure.gravatar.com\/avatar\/154b7a67c8243962f512049fc01cadec1a71cddc7b9104e2bfd37e40abfd470c?s=96&d=mm&r=g","contentUrl":"https:\/\/secure.gravatar.com\/avatar\/154b7a67c8243962f512049fc01cadec1a71cddc7b9104e2bfd37e40abfd470c?s=96&d=mm&r=g","caption":"Fabien Grenet"},"sameAs":["http:\/\/haikusages.fr"],"url":"https:\/\/gouvinfo.org\/IAI\/author\/fabiengrenet\/"}]}},"jetpack_publicize_connections":[],"jetpack_featured_media_url":"https:\/\/i0.wp.com\/gouvinfo.org\/IAI\/wp-content\/uploads\/Eric-Laurent.png?fit=133%2C131&ssl=1","jetpack_shortlink":"https:\/\/wp.me\/p3WHBZ-Ww","jetpack_sharing_enabled":true,"_links":{"self":[{"href":"https:\/\/gouvinfo.org\/IAI\/wp-json\/wp\/v2\/posts\/3628","targetHints":{"allow":["GET"]}}],"collection":[{"href":"https:\/\/gouvinfo.org\/IAI\/wp-json\/wp\/v2\/posts"}],"about":[{"href":"https:\/\/gouvinfo.org\/IAI\/wp-json\/wp\/v2\/types\/post"}],"author":[{"embeddable":true,"href":"https:\/\/gouvinfo.org\/IAI\/wp-json\/wp\/v2\/users\/16"}],"replies":[{"embeddable":true,"href":"https:\/\/gouvinfo.org\/IAI\/wp-json\/wp\/v2\/comments?post=3628"}],"version-history":[{"count":16,"href":"https:\/\/gouvinfo.org\/IAI\/wp-json\/wp\/v2\/posts\/3628\/revisions"}],"predecessor-version":[{"id":3641,"href":"https:\/\/gouvinfo.org\/IAI\/wp-json\/wp\/v2\/posts\/3628\/revisions\/3641"}],"wp:featuredmedia":[{"embeddable":true,"href":"https:\/\/gouvinfo.org\/IAI\/wp-json\/wp\/v2\/media\/3631"}],"wp:attachment":[{"href":"https:\/\/gouvinfo.org\/IAI\/wp-json\/wp\/v2\/media?parent=3628"}],"wp:term":[{"taxonomy":"category","embeddable":true,"href":"https:\/\/gouvinfo.org\/IAI\/wp-json\/wp\/v2\/categories?post=3628"},{"taxonomy":"post_tag","embeddable":true,"href":"https:\/\/gouvinfo.org\/IAI\/wp-json\/wp\/v2\/tags?post=3628"}],"curies":[{"name":"wp","href":"https:\/\/api.w.org\/{rel}","templated":true}]}}