{"id":3634,"date":"2013-04-17T08:00:03","date_gmt":"2013-04-17T06:00:03","guid":{"rendered":"http:\/\/www.gouvinfo.org\/IAI\/?p=3634"},"modified":"2013-07-16T09:17:27","modified_gmt":"2013-07-16T07:17:27","slug":"dsi-moteur-innovations-metiers","status":"publish","type":"post","link":"https:\/\/gouvinfo.org\/IAI\/dsi-moteur-innovations-metiers\/","title":{"rendered":"La DSI est-elle le moteur des innovations m\u00e9tiers ?"},"content":{"rendered":"<p style=\"text-align: justify;\"><em>Cette tribune libre de\u00a0<a href=\"http:\/\/greensi.fr\/\">Fr\u00e9d\u00e9ric Charles<\/a>\u00a0est extraite d&#8217;un face \u00e0 face m\u00e9tiers \/ DSI portant sur le th\u00e8me de l&#8217;innovation et r\u00e9alis\u00e9 dans le cadre du livre sur la gouvernance de l&#8217;information\u00a0<strong><a href=\"http:\/\/www.gouvinfo.net\/cominfo\/document\/22\/livre-gouvinfo2013-un-oc%C3%A9an-bleu-dinformation\/\" target=\"_blank\">GouvInfo 2013 &#8220;Oc\u00e9an bleu&#8221;<\/a>\u00a0<\/strong>sous l&#8217;\u00e9gide de <a href=\"http:\/\/hensen.fr\">Fabien Grenet, designer de service &amp; entrepreneur<\/a>. Retrouvez l&#8217;avis\u00a0d&#8217;<a href=\"http:\/\/elaurentpollen.com\">Eric Laurent<\/a>\u00a0sur cette question cruciale sur le <a href=\"https:\/\/gouvinfo.org\/IAI\/metiers-moteurs-innovation-dsi\">blog ComInfo<\/a>.<\/em><\/p>\n<hr \/>\n<p style=\"text-align: justify;\">L&#8217;innovation\u00a0technologique doit permettre \u00e0 l&#8217;entreprise de commercialiser des produits ou des services plus performants. Parfois simplement en am\u00e9liorant les processus de conception, de fabrication ou de distribution de ses produits. Dans un monde o\u00f9 ces produits et services int\u00e8grent de plus en plus de num\u00e9rique et o\u00f9 les processus, et les relations, reposent de plus en plus sur le syst\u00e8me d\u2019information et sur internet,\u00a0il n&#8217;y a aucun doute sur le fait que la DSI est au c\u0153ur de l&#8217;innovation. Pourtant elle a encore du mal \u00e0 \u00eatre reconnue sur ce th\u00e8me dans l\u2019entreprise. Peut \u00eatre a-t-elle besoin pour cela de recruter quelques nouveaux profils plus enclins a prendre des risques, de renforcer sa veille technologique, et de ne pas toujours attendre les cahiers des charges des m\u00e9tiers mais d\u2019aller au devant en exp\u00e9rimentant avec eux pour faire surgir les besoins.<\/p>\n<p style=\"text-align: justify;\"><strong>La DSI a surtout besoin de changer son \u00e9cosyst\u00e8me vieillissant de fournisseurs et partenaires impact\u00e9s par le Cloud, en y ajoutant de jeunes startups et de nouvelles sources d\u2019innovations. Car le Cloud s\u2019impose et\u00a0l\u2019heure n\u2019est plus au questionnement mais aux r\u00e9ponses et aux choix !<\/strong><\/p>\n<p style=\"text-align: justify;\">La DSI est la premi\u00e8re impact\u00e9e par le d\u00e9veloppement du Cloud. Avec en premier le risque de d\u00e9sinterm\u00e9diation par les m\u00e9tiers si elle ne s\u2019adapte pas. Mais au-del\u00e0 du lissage des co\u00fbts d\u2019investissements qui deviennent variables, et des co\u00fbts globaux des infrastructures qui baissent par la mise en \u0153uvre d\u2019une \u00ab\u00a0hyper mutualisation\u00a0\u00bb, parfois mondiale, la DSI doit y voir une formidable opportunit\u00e9 de transformer sa technologie et ses m\u00e9thodes, voire de repenser son \u00ab\u00a0business mod\u00e8le\u00a0\u00bb.\u00a0Et pas uniquement dans un Cloud priv\u00e9 qu\u2019elle construirait, mais aussi dans le Cloud public o\u00f9 des gisements d\u2019innovations existent et ne demandent qu\u2019\u00e0 \u00eatre amen\u00e9s dans l\u2019entreprise. Et aussi o\u00f9 ses services SI peuvent se commercialiser \u00e0 d\u2019autres entreprises. Elle est donc la mieux plac\u00e9e des Directions pour amener l\u2019entreprise dans le Cloud, bien s\u00fbr en partenariat avec les m\u00e9tiers, par exemple en fournissant l\u2019infrastructure de s\u00e9curit\u00e9 des acc\u00e8s, quelle que soit l\u2019application utilis\u00e9e (cloud public, priv\u00e9, interne) ou en n\u00e9gociant les contrats et la r\u00e9versibilit\u00e9.<\/p>\n<p style=\"text-align: justify;\">Toutefois, ses relations avec les m\u00e9tiers ne sont pas toujours au beau fixe. Il est vrai qu\u2019avec toujours plus d\u2019incertitudes, dans un monde plus complexe et avec une \u00e9conomie qui demande des d\u00e9cisions rapides, les Directions m\u00e9tiers ont parfois du mal \u00e0 organiser leur r\u00f4le de ma\u00eetrise d\u2019ouvrage du syst\u00e8me d\u2019information. Un r\u00f4le qui demande une vision et une coh\u00e9rence \u00e0 moyen terme, quand tous les besoins sont \u00e0 court terme. Et cela n\u2019aide pas des relations avec la DSI qui devraient alors d\u00e9passer le mod\u00e8le \u00ab\u00a0ma\u00eetrise d\u2019\u0153uvre \/ma\u00eetrise d\u2019ouvrage\u00a0\u00bb, une exception culturelle fran\u00e7aise, et \u00e9voluer vers un mod\u00e8le plus agile.<\/p>\n<p style=\"text-align: justify;\"><strong>Cette \u00ab\u00a0fusion\u00a0\u00bb entre les m\u00e9tiers et la DSI a d\u00e9j\u00e0 commenc\u00e9 \u00e0 s\u2019op\u00e9rer, notamment autour de l\u2019internet avec des \u00ab\u00a0Digital Factory\u00a0\u00bb ou \u00ab\u00a0Digital Agencies\u00a0\u00bb alliant cr\u00e9ativit\u00e9 et r\u00e9activit\u00e9 technique !<\/strong><\/p>\n<p style=\"text-align: justify;\">Ces agences digitales internes poss\u00e8dent en effet la cr\u00e9ativit\u00e9 et la r\u00e9activit\u00e9 technique n\u00e9cessaire pour faire \u00e9voluer les plateformes internet de l\u2019entreprise et pour piloter et coordonner la pr\u00e9sence num\u00e9rique de l\u2019entreprise sur les r\u00e9seaux sociaux et dans le e-commerce. Mais je ne serais pas surpris que ce type d\u2019alliance soit aussi pertinent dans le monde de la donn\u00e9e, du d\u00e9cisionnel, et du big data, ou du marketing des produits num\u00e9riques pour le d\u00e9veloppement commercial.<\/p>\n<p style=\"text-align: justify;\">Et franchement savoir qui en sera le chef, \u00e7a n\u2019est pas la question la plus importante pour l\u2019entreprise\u00a0!<\/p>\n<div>\n<hr \/>\n<\/div>\n<div>\n<div style=\"text-align: justify;\" align=\"justify\"><strong><\/strong><strong><img data-recalc-dims=\"1\" loading=\"lazy\" decoding=\"async\" alt=\"\" src=\"https:\/\/i0.wp.com\/gouvinfo.org\/IAI\/wp-content\/uploads\/Frederic-Charles.png?resize=67%2C67&#038;ssl=1\" width=\"67\" height=\"67\" align=\"left\" \/><\/strong><strong>Fr\u00e9d\u00e9ric CHARLES \u2013 Strat\u00e9gie et innovation SI &#8211; Lyonnaise des eaux<\/strong><br \/>\nAvec une jeunesse dans 5 pays, des \u00e9tudes d\u2019ing\u00e9nieur en France (Sup\u00e9lec) et un MBA Marketing au Etats-Unis (CAL Berkeley), j\u2019ai d\u00e9couvert la fronti\u00e8re du business de la technologie sur la toile mondiale. Et depuis j&#8217;y suis rest\u00e9 ! Je suis en charge de la strat\u00e9gie SI \u00e0 la DSI de Lyonnaise des Eaux et des Solutions Collaboratives au sein des infrastructures mutualis\u00e9es du groupe Suez Environnement.<\/div>\n<hr \/>\n<p style=\"text-align: justify;\"><sub><em>Cet article est extrait du\u00a0<a href=\"http:\/\/www.gouvinfo.net\/cominfo\/document\/22\/livre-gouvinfo2013-un-oc%C3%A9an-bleu-dinformation\/\" target=\"_blank\">livre GouvInfo 2013 &#8220;Oc\u00e9an bleu&#8221;<\/a>\u00a0auquel ont particip\u00e9 les personnes suivantes : William BRES, V\u00e9ronique BONIN, Toufik LAMECHE, Thomas CHEJFEC, Thierry BRUNET, Ruth MARTINEZ, R\u00e9mi VECINA, Philippe OLLIVIER, Philippe GUILLARD, Philippe BONFILS, Patrick L&#8217;ARCHEVEQUE, Patricia L\u2019ESPRIT, Pascale PAJONA, Pascale DESPOMADERES, Omar MAROUF, Myl\u00e8ne GENAIRON, Marielle VO-VAN LIGER, Marc BORRY, Olivier FAURA, Lyonel SIREUILLE, Laurent PREVEL, Jordane PAQUET, Jihane SEBAI, J\u00e9r\u00f4me THUEZ, Jean-Pascal PERREIN, Jean-Marie SECA, Jean-Luc ABELIN, Jean-Louis JANSSENS, Jean-Claude DIJAN, Ir\u00e8ne ALLOUCHE, Gilles VASSAL, Giancarlo UCCHINO, Fr\u00e9d\u00e9ric CHARLES, Florent DEWAS, Fatima Zahra LAAOUINI, Fabien GRENET, \u00c9ric LAURENT, \u00c9ric DAVID, David BERRIN, Daniel COLAS, Damien BRUT\u00c9 DE R\u00c9MUR, Caroline LEBEAU, Cindy BOULLIER, Christophe MEGEVAND, Christophe LAIGLE, Christophe BINOT, Catherine ROBERT-D\u2019AUTUN, Camille HUGENTOBLER, Anne-Marie LIBMANN, Alister ESAM, Alain GARNIER. Ces personnes travaillent dans les soci\u00e9t\u00e9s suivantes :\u00a0 TOTAL, UVSQ, Universit\u00e9 du Sud, Universit\u00e9 de Versailles, Universit\u00e9 de Lorraine, The Idea Starter Company, TEREOS, Telecom Paris, SYSELIO , Suez Environnement, Soci\u00e9t\u00e9 G\u00e9n\u00e9rale, Socabat, SNCF, SMA BTP, Selement, RSD, PSA, Police F\u00e9d\u00e9rale de Belgique, PHENIX INNOVATION, Opentext, Minist\u00e8re de la D\u00e9fense, Lyonnaise des Eaux, Lafarge, La Poste Enseigne, La Banque Postale,\u00a0 Jamespot,\u00a0 Interaction-Game,\u00a0 INSEAD,\u00a0 IBM,\u00a0 HENSEN conseil,\u00a0 Everial,\u00a0 Essec,\u00a0 eShare,\u00a0 \u00c9cole Centrale de Paris,\u00a0 DC\u00b2,\u00a0 Bouygues Telecom,\u00a0 Alter&amp;Co,\u00a0 Aldes,\u00a0 3org,\u00a0 @bs.<\/em><\/sub><\/p>\n<\/div>\n","protected":false},"excerpt":{"rendered":"<p>Cette tribune libre de\u00a0Fr\u00e9d\u00e9ric Charles\u00a0est extraite d&#8217;un face \u00e0 face m\u00e9tiers \/ DSI portant sur le th\u00e8me de l&#8217;innovation et r\u00e9alis\u00e9 dans le cadre du livre sur [&hellip;]<\/p>\n","protected":false},"author":16,"featured_media":3635,"comment_status":"open","ping_status":"closed","sticky":false,"template":"","format":"standard","meta":{"_et_pb_use_builder":"","_et_pb_old_content":"","_et_gb_content_width":"","jetpack_post_was_ever_published":false,"_jetpack_newsletter_access":"","_jetpack_dont_email_post_to_subs":false,"_jetpack_newsletter_tier_id":0,"_jetpack_memberships_contains_paywalled_content":false,"_jetpack_memberships_contains_paid_content":false,"footnotes":"","jetpack_publicize_message":"","jetpack_publicize_feature_enabled":true,"jetpack_social_post_already_shared":false,"jetpack_social_options":{"image_generator_settings":{"template":"highway","default_image_id":0,"font":"","enabled":false},"version":2}},"categories":[97,3,223],"tags":[792,17,11,915,21,784,791,793,216],"class_list":["post-3634","post","type-post","status-publish","format-standard","has-post-thumbnail","hentry","category-etudes","category-gouvinfo","category-innovation","tag-cloud","tag-collaboratif","tag-communaute","tag-innovation","tag-livre-blanc","tag-livre-gouvinfo","tag-reseaux-sociaux-dentreprise-2","tag-saas","tag-usages"],"yoast_head":"<!-- This site is optimized with the Yoast SEO plugin v27.5 - https:\/\/yoast.com\/product\/yoast-seo-wordpress\/ -->\n<title>La DSI est-elle le moteur des innovations m\u00e9tiers ?  - #GouvInfo<\/title>\n<meta name=\"description\" content=\"Innovation, DSI, gouvernance de l&#039;information\" \/>\n<meta name=\"robots\" content=\"index, follow, max-snippet:-1, max-image-preview:large, max-video-preview:-1\" \/>\n<link rel=\"canonical\" href=\"https:\/\/gouvinfo.org\/IAI\/dsi-moteur-innovations-metiers\/\" \/>\n<meta property=\"og:locale\" content=\"fr_FR\" \/>\n<meta property=\"og:type\" content=\"article\" \/>\n<meta property=\"og:title\" content=\"La DSI est-elle le moteur des innovations m\u00e9tiers ?  - #GouvInfo\" \/>\n<meta property=\"og:description\" content=\"Innovation, DSI, gouvernance de l&#039;information\" \/>\n<meta property=\"og:url\" content=\"https:\/\/gouvinfo.org\/IAI\/dsi-moteur-innovations-metiers\/\" \/>\n<meta property=\"og:site_name\" content=\"#GouvInfo\" \/>\n<meta property=\"article:published_time\" content=\"2013-04-17T06:00:03+00:00\" \/>\n<meta property=\"article:modified_time\" content=\"2013-07-16T07:17:27+00:00\" \/>\n<meta property=\"og:image\" content=\"https:\/\/i0.wp.com\/gouvinfo.org\/IAI\/wp-content\/uploads\/Frederic-Charles.png?fit=133%2C131&ssl=1\" \/>\n\t<meta property=\"og:image:width\" content=\"133\" \/>\n\t<meta property=\"og:image:height\" content=\"131\" \/>\n\t<meta property=\"og:image:type\" content=\"image\/png\" \/>\n<meta name=\"author\" content=\"Fabien Grenet\" \/>\n<meta name=\"twitter:card\" content=\"summary_large_image\" \/>\n<meta name=\"twitter:creator\" content=\"@gouvinfo\" \/>\n<meta name=\"twitter:site\" content=\"@gouvinfo\" \/>\n<meta name=\"twitter:label1\" content=\"\u00c9crit par\" \/>\n\t<meta name=\"twitter:data1\" content=\"Fabien Grenet\" \/>\n\t<meta name=\"twitter:label2\" content=\"Dur\u00e9e de lecture estim\u00e9e\" \/>\n\t<meta name=\"twitter:data2\" content=\"5 minutes\" \/>\n<script type=\"application\/ld+json\" class=\"yoast-schema-graph\">{\"@context\":\"https:\\\/\\\/schema.org\",\"@graph\":[{\"@type\":\"Article\",\"@id\":\"https:\\\/\\\/gouvinfo.org\\\/IAI\\\/dsi-moteur-innovations-metiers\\\/#article\",\"isPartOf\":{\"@id\":\"https:\\\/\\\/gouvinfo.org\\\/IAI\\\/dsi-moteur-innovations-metiers\\\/\"},\"author\":{\"name\":\"Fabien Grenet\",\"@id\":\"https:\\\/\\\/gouvinfo.org\\\/IAI\\\/#\\\/schema\\\/person\\\/244ee9c8831196026501e4ec30421136\"},\"headline\":\"La DSI est-elle le moteur des innovations m\u00e9tiers ?\",\"datePublished\":\"2013-04-17T06:00:03+00:00\",\"dateModified\":\"2013-07-16T07:17:27+00:00\",\"mainEntityOfPage\":{\"@id\":\"https:\\\/\\\/gouvinfo.org\\\/IAI\\\/dsi-moteur-innovations-metiers\\\/\"},\"wordCount\":1046,\"commentCount\":0,\"image\":{\"@id\":\"https:\\\/\\\/gouvinfo.org\\\/IAI\\\/dsi-moteur-innovations-metiers\\\/#primaryimage\"},\"thumbnailUrl\":\"https:\\\/\\\/i0.wp.com\\\/gouvinfo.org\\\/IAI\\\/wp-content\\\/uploads\\\/Frederic-Charles.png?fit=133%2C131&ssl=1\",\"keywords\":[\"Cloud\",\"collaboratif\",\"communaut\u00e9\",\"Innovation\",\"livre blanc\",\"Livre GouvInfo\",\"R\u00e9seaux Sociaux d'Entreprise\",\"SAAS\",\"Usages\"],\"articleSection\":[\"Etudes\",\"Gouvernance de l'information\",\"Innovation\"],\"inLanguage\":\"fr-FR\",\"potentialAction\":[{\"@type\":\"CommentAction\",\"name\":\"Comment\",\"target\":[\"https:\\\/\\\/gouvinfo.org\\\/IAI\\\/dsi-moteur-innovations-metiers\\\/#respond\"]}]},{\"@type\":\"WebPage\",\"@id\":\"https:\\\/\\\/gouvinfo.org\\\/IAI\\\/dsi-moteur-innovations-metiers\\\/\",\"url\":\"https:\\\/\\\/gouvinfo.org\\\/IAI\\\/dsi-moteur-innovations-metiers\\\/\",\"name\":\"La DSI est-elle le moteur des innovations m\u00e9tiers ? - #GouvInfo\",\"isPartOf\":{\"@id\":\"https:\\\/\\\/gouvinfo.org\\\/IAI\\\/#website\"},\"primaryImageOfPage\":{\"@id\":\"https:\\\/\\\/gouvinfo.org\\\/IAI\\\/dsi-moteur-innovations-metiers\\\/#primaryimage\"},\"image\":{\"@id\":\"https:\\\/\\\/gouvinfo.org\\\/IAI\\\/dsi-moteur-innovations-metiers\\\/#primaryimage\"},\"thumbnailUrl\":\"https:\\\/\\\/i0.wp.com\\\/gouvinfo.org\\\/IAI\\\/wp-content\\\/uploads\\\/Frederic-Charles.png?fit=133%2C131&ssl=1\",\"datePublished\":\"2013-04-17T06:00:03+00:00\",\"dateModified\":\"2013-07-16T07:17:27+00:00\",\"author\":{\"@id\":\"https:\\\/\\\/gouvinfo.org\\\/IAI\\\/#\\\/schema\\\/person\\\/244ee9c8831196026501e4ec30421136\"},\"description\":\"Innovation, DSI, gouvernance de l'information\",\"inLanguage\":\"fr-FR\",\"potentialAction\":[{\"@type\":\"ReadAction\",\"target\":[\"https:\\\/\\\/gouvinfo.org\\\/IAI\\\/dsi-moteur-innovations-metiers\\\/\"]}]},{\"@type\":\"ImageObject\",\"inLanguage\":\"fr-FR\",\"@id\":\"https:\\\/\\\/gouvinfo.org\\\/IAI\\\/dsi-moteur-innovations-metiers\\\/#primaryimage\",\"url\":\"https:\\\/\\\/i0.wp.com\\\/gouvinfo.org\\\/IAI\\\/wp-content\\\/uploads\\\/Frederic-Charles.png?fit=133%2C131&ssl=1\",\"contentUrl\":\"https:\\\/\\\/i0.wp.com\\\/gouvinfo.org\\\/IAI\\\/wp-content\\\/uploads\\\/Frederic-Charles.png?fit=133%2C131&ssl=1\",\"width\":133,\"height\":131},{\"@type\":\"WebSite\",\"@id\":\"https:\\\/\\\/gouvinfo.org\\\/IAI\\\/#website\",\"url\":\"https:\\\/\\\/gouvinfo.org\\\/IAI\\\/\",\"name\":\"#GouvInfo\",\"description\":\"D\u00e9velopper une vue globale des donn\u00e9es et de leurs gouvernances\",\"potentialAction\":[{\"@type\":\"SearchAction\",\"target\":{\"@type\":\"EntryPoint\",\"urlTemplate\":\"https:\\\/\\\/gouvinfo.org\\\/IAI\\\/?s={search_term_string}\"},\"query-input\":{\"@type\":\"PropertyValueSpecification\",\"valueRequired\":true,\"valueName\":\"search_term_string\"}}],\"inLanguage\":\"fr-FR\"},{\"@type\":\"Person\",\"@id\":\"https:\\\/\\\/gouvinfo.org\\\/IAI\\\/#\\\/schema\\\/person\\\/244ee9c8831196026501e4ec30421136\",\"name\":\"Fabien Grenet\",\"image\":{\"@type\":\"ImageObject\",\"inLanguage\":\"fr-FR\",\"@id\":\"https:\\\/\\\/secure.gravatar.com\\\/avatar\\\/154b7a67c8243962f512049fc01cadec1a71cddc7b9104e2bfd37e40abfd470c?s=96&d=mm&r=g\",\"url\":\"https:\\\/\\\/secure.gravatar.com\\\/avatar\\\/154b7a67c8243962f512049fc01cadec1a71cddc7b9104e2bfd37e40abfd470c?s=96&d=mm&r=g\",\"contentUrl\":\"https:\\\/\\\/secure.gravatar.com\\\/avatar\\\/154b7a67c8243962f512049fc01cadec1a71cddc7b9104e2bfd37e40abfd470c?s=96&d=mm&r=g\",\"caption\":\"Fabien Grenet\"},\"sameAs\":[\"http:\\\/\\\/haikusages.fr\"],\"url\":\"https:\\\/\\\/gouvinfo.org\\\/IAI\\\/author\\\/fabiengrenet\\\/\"}]}<\/script>\n<!-- \/ Yoast SEO plugin. -->","yoast_head_json":{"title":"La DSI est-elle le moteur des innovations m\u00e9tiers ?  - #GouvInfo","description":"Innovation, DSI, gouvernance de l'information","robots":{"index":"index","follow":"follow","max-snippet":"max-snippet:-1","max-image-preview":"max-image-preview:large","max-video-preview":"max-video-preview:-1"},"canonical":"https:\/\/gouvinfo.org\/IAI\/dsi-moteur-innovations-metiers\/","og_locale":"fr_FR","og_type":"article","og_title":"La DSI est-elle le moteur des innovations m\u00e9tiers ?  - #GouvInfo","og_description":"Innovation, DSI, gouvernance de l'information","og_url":"https:\/\/gouvinfo.org\/IAI\/dsi-moteur-innovations-metiers\/","og_site_name":"#GouvInfo","article_published_time":"2013-04-17T06:00:03+00:00","article_modified_time":"2013-07-16T07:17:27+00:00","og_image":[{"width":133,"height":131,"url":"https:\/\/i0.wp.com\/gouvinfo.org\/IAI\/wp-content\/uploads\/Frederic-Charles.png?fit=133%2C131&ssl=1","type":"image\/png"}],"author":"Fabien Grenet","twitter_card":"summary_large_image","twitter_creator":"@gouvinfo","twitter_site":"@gouvinfo","twitter_misc":{"\u00c9crit par":"Fabien Grenet","Dur\u00e9e de lecture estim\u00e9e":"5 minutes"},"schema":{"@context":"https:\/\/schema.org","@graph":[{"@type":"Article","@id":"https:\/\/gouvinfo.org\/IAI\/dsi-moteur-innovations-metiers\/#article","isPartOf":{"@id":"https:\/\/gouvinfo.org\/IAI\/dsi-moteur-innovations-metiers\/"},"author":{"name":"Fabien Grenet","@id":"https:\/\/gouvinfo.org\/IAI\/#\/schema\/person\/244ee9c8831196026501e4ec30421136"},"headline":"La DSI est-elle le moteur des innovations m\u00e9tiers ?","datePublished":"2013-04-17T06:00:03+00:00","dateModified":"2013-07-16T07:17:27+00:00","mainEntityOfPage":{"@id":"https:\/\/gouvinfo.org\/IAI\/dsi-moteur-innovations-metiers\/"},"wordCount":1046,"commentCount":0,"image":{"@id":"https:\/\/gouvinfo.org\/IAI\/dsi-moteur-innovations-metiers\/#primaryimage"},"thumbnailUrl":"https:\/\/i0.wp.com\/gouvinfo.org\/IAI\/wp-content\/uploads\/Frederic-Charles.png?fit=133%2C131&ssl=1","keywords":["Cloud","collaboratif","communaut\u00e9","Innovation","livre blanc","Livre GouvInfo","R\u00e9seaux Sociaux d'Entreprise","SAAS","Usages"],"articleSection":["Etudes","Gouvernance de l'information","Innovation"],"inLanguage":"fr-FR","potentialAction":[{"@type":"CommentAction","name":"Comment","target":["https:\/\/gouvinfo.org\/IAI\/dsi-moteur-innovations-metiers\/#respond"]}]},{"@type":"WebPage","@id":"https:\/\/gouvinfo.org\/IAI\/dsi-moteur-innovations-metiers\/","url":"https:\/\/gouvinfo.org\/IAI\/dsi-moteur-innovations-metiers\/","name":"La DSI est-elle le moteur des innovations m\u00e9tiers ? - #GouvInfo","isPartOf":{"@id":"https:\/\/gouvinfo.org\/IAI\/#website"},"primaryImageOfPage":{"@id":"https:\/\/gouvinfo.org\/IAI\/dsi-moteur-innovations-metiers\/#primaryimage"},"image":{"@id":"https:\/\/gouvinfo.org\/IAI\/dsi-moteur-innovations-metiers\/#primaryimage"},"thumbnailUrl":"https:\/\/i0.wp.com\/gouvinfo.org\/IAI\/wp-content\/uploads\/Frederic-Charles.png?fit=133%2C131&ssl=1","datePublished":"2013-04-17T06:00:03+00:00","dateModified":"2013-07-16T07:17:27+00:00","author":{"@id":"https:\/\/gouvinfo.org\/IAI\/#\/schema\/person\/244ee9c8831196026501e4ec30421136"},"description":"Innovation, DSI, gouvernance de l'information","inLanguage":"fr-FR","potentialAction":[{"@type":"ReadAction","target":["https:\/\/gouvinfo.org\/IAI\/dsi-moteur-innovations-metiers\/"]}]},{"@type":"ImageObject","inLanguage":"fr-FR","@id":"https:\/\/gouvinfo.org\/IAI\/dsi-moteur-innovations-metiers\/#primaryimage","url":"https:\/\/i0.wp.com\/gouvinfo.org\/IAI\/wp-content\/uploads\/Frederic-Charles.png?fit=133%2C131&ssl=1","contentUrl":"https:\/\/i0.wp.com\/gouvinfo.org\/IAI\/wp-content\/uploads\/Frederic-Charles.png?fit=133%2C131&ssl=1","width":133,"height":131},{"@type":"WebSite","@id":"https:\/\/gouvinfo.org\/IAI\/#website","url":"https:\/\/gouvinfo.org\/IAI\/","name":"#GouvInfo","description":"D\u00e9velopper une vue globale des donn\u00e9es et de leurs gouvernances","potentialAction":[{"@type":"SearchAction","target":{"@type":"EntryPoint","urlTemplate":"https:\/\/gouvinfo.org\/IAI\/?s={search_term_string}"},"query-input":{"@type":"PropertyValueSpecification","valueRequired":true,"valueName":"search_term_string"}}],"inLanguage":"fr-FR"},{"@type":"Person","@id":"https:\/\/gouvinfo.org\/IAI\/#\/schema\/person\/244ee9c8831196026501e4ec30421136","name":"Fabien Grenet","image":{"@type":"ImageObject","inLanguage":"fr-FR","@id":"https:\/\/secure.gravatar.com\/avatar\/154b7a67c8243962f512049fc01cadec1a71cddc7b9104e2bfd37e40abfd470c?s=96&d=mm&r=g","url":"https:\/\/secure.gravatar.com\/avatar\/154b7a67c8243962f512049fc01cadec1a71cddc7b9104e2bfd37e40abfd470c?s=96&d=mm&r=g","contentUrl":"https:\/\/secure.gravatar.com\/avatar\/154b7a67c8243962f512049fc01cadec1a71cddc7b9104e2bfd37e40abfd470c?s=96&d=mm&r=g","caption":"Fabien Grenet"},"sameAs":["http:\/\/haikusages.fr"],"url":"https:\/\/gouvinfo.org\/IAI\/author\/fabiengrenet\/"}]}},"jetpack_publicize_connections":[],"jetpack_featured_media_url":"https:\/\/i0.wp.com\/gouvinfo.org\/IAI\/wp-content\/uploads\/Frederic-Charles.png?fit=133%2C131&ssl=1","jetpack_shortlink":"https:\/\/wp.me\/p3WHBZ-WC","jetpack_sharing_enabled":true,"_links":{"self":[{"href":"https:\/\/gouvinfo.org\/IAI\/wp-json\/wp\/v2\/posts\/3634","targetHints":{"allow":["GET"]}}],"collection":[{"href":"https:\/\/gouvinfo.org\/IAI\/wp-json\/wp\/v2\/posts"}],"about":[{"href":"https:\/\/gouvinfo.org\/IAI\/wp-json\/wp\/v2\/types\/post"}],"author":[{"embeddable":true,"href":"https:\/\/gouvinfo.org\/IAI\/wp-json\/wp\/v2\/users\/16"}],"replies":[{"embeddable":true,"href":"https:\/\/gouvinfo.org\/IAI\/wp-json\/wp\/v2\/comments?post=3634"}],"version-history":[{"count":7,"href":"https:\/\/gouvinfo.org\/IAI\/wp-json\/wp\/v2\/posts\/3634\/revisions"}],"predecessor-version":[{"id":3640,"href":"https:\/\/gouvinfo.org\/IAI\/wp-json\/wp\/v2\/posts\/3634\/revisions\/3640"}],"wp:featuredmedia":[{"embeddable":true,"href":"https:\/\/gouvinfo.org\/IAI\/wp-json\/wp\/v2\/media\/3635"}],"wp:attachment":[{"href":"https:\/\/gouvinfo.org\/IAI\/wp-json\/wp\/v2\/media?parent=3634"}],"wp:term":[{"taxonomy":"category","embeddable":true,"href":"https:\/\/gouvinfo.org\/IAI\/wp-json\/wp\/v2\/categories?post=3634"},{"taxonomy":"post_tag","embeddable":true,"href":"https:\/\/gouvinfo.org\/IAI\/wp-json\/wp\/v2\/tags?post=3634"}],"curies":[{"name":"wp","href":"https:\/\/api.w.org\/{rel}","templated":true}]}}