{"id":4173,"date":"2014-07-09T17:19:17","date_gmt":"2014-07-09T15:19:17","guid":{"rendered":"http:\/\/www.gouvinfo.org\/IAI\/?p=4173"},"modified":"2014-12-09T15:10:54","modified_gmt":"2014-12-09T14:10:54","slug":"awards-iai-gouvernance-de-l-information","status":"publish","type":"post","link":"https:\/\/gouvinfo.org\/IAI\/awards-iai-gouvernance-de-l-information\/","title":{"rendered":"Les premiers AWARDS sur la gouvernance de l&#8217;information"},"content":{"rendered":"<p style=\"text-align: justify;\"><img data-recalc-dims=\"1\" loading=\"lazy\" decoding=\"async\" class=\"alignleft  wp-image-4177 img-responsive\" src=\"https:\/\/i0.wp.com\/gouvinfo.org\/IAI\/wp-content\/uploads\/GouvInfo-Awards-IAI-2015.png?resize=235%2C235&#038;ssl=1\" alt=\"GouvInfo - Awards IAI 2015 - gouvernance de l'information\" width=\"235\" height=\"235\" srcset=\"https:\/\/i0.wp.com\/gouvinfo.org\/IAI\/wp-content\/uploads\/GouvInfo-Awards-IAI-2015.png?resize=150%2C150&amp;ssl=1 150w, https:\/\/i0.wp.com\/gouvinfo.org\/IAI\/wp-content\/uploads\/GouvInfo-Awards-IAI-2015.png?resize=32%2C32&amp;ssl=1 32w, https:\/\/i0.wp.com\/gouvinfo.org\/IAI\/wp-content\/uploads\/GouvInfo-Awards-IAI-2015.png?resize=64%2C64&amp;ssl=1 64w, https:\/\/i0.wp.com\/gouvinfo.org\/IAI\/wp-content\/uploads\/GouvInfo-Awards-IAI-2015.png?resize=96%2C96&amp;ssl=1 96w, https:\/\/i0.wp.com\/gouvinfo.org\/IAI\/wp-content\/uploads\/GouvInfo-Awards-IAI-2015.png?resize=128%2C128&amp;ssl=1 128w, https:\/\/i0.wp.com\/gouvinfo.org\/IAI\/wp-content\/uploads\/GouvInfo-Awards-IAI-2015.png?zoom=2&amp;resize=235%2C235&amp;ssl=1 470w, https:\/\/i0.wp.com\/gouvinfo.org\/IAI\/wp-content\/uploads\/GouvInfo-Awards-IAI-2015.png?zoom=3&amp;resize=235%2C235&amp;ssl=1 705w\" sizes=\"(max-width: 235px) 100vw, 235px\" \/><strong>GouvInfo<\/strong>\u00a0avec\u00a0<strong><a href=\"http:\/\/www.veillemag.com\/\" target=\"_blank\">Veille Magazine<\/a><\/strong>\u00a0et <strong><a href=\"http:\/\/www.collaboratif-info.fr\/\" target=\"_blank\">Collaboratif Info<\/a><\/strong>, vous\u00a0propose\u00a0cette ann\u00e9e les <strong>AWARDS <\/strong>sur la gouvernance de l&#8217;information.<\/p>\n<p style=\"text-align: justify;\">L&#8217;objectif est de faire appara\u00eetre et r\u00e9compenser les organisations qui ont mis en place ou qui proposent des syst\u00e8mes, m\u00e9thodes, services, organisations pour <strong>mieux gouverner le flux Information : <\/strong>que cela soit :<\/p>\n<ul>\n<li>dans le d\u00e9veloppement des usages de l&#8217;information,<\/li>\n<li>dans la valorisation de l&#8217;information,<\/li>\n<li>dans le d\u00e9veloppement d&#8217;offres adapt\u00e9es aux utilisateurs,<\/li>\n<li>dans la\u00a0ma\u00eetrise\u00a0des risques,<\/li>\n<li>dans les op\u00e9rations de sensibilisation et de responsabilisation des acteurs autour de l&#8217;information,<\/li>\n<li>&#8230;<\/li>\n<\/ul>\n<p style=\"text-align: justify;\">Ces <strong>AWARDS\u00a0<\/strong>seront une opportunit\u00e9 majeure\u00a0pour les\u00a0organisations les plus avanc\u00e9es sur\u00a0ce sujet\u00a0complexe et encore trop peu d\u00e9velopp\u00e9. Ils permettront\u00a0de promouvoir leurs initiatives strat\u00e9giques et prospectives en vue\u00a0de se pr\u00e9parer\u00a0aux acc\u00e9l\u00e9rations du march\u00e9 et \u00e9volutions technologiques.<\/p>\n<h3 style=\"text-align: justify;\"><strong>Qui peut participer :<\/strong><\/h3>\n<p style=\"text-align: justify;\">Toutes les organisations publiques, priv\u00e9es, associatives, commerciales ou non. Il y aura trois cat\u00e9gories :<\/p>\n<ul>\n<li>Des organisations publiques ou priv\u00e9es ayant ou \u00e9tant en train de mettre en place une initiative en vue d&#8217;am\u00e9liorer la ma\u00eetrise globale de l&#8217;information de leur organisation,<\/li>\n<li>Des fournisseurs, \u00e9diteurs de solutions logicielles ou mat\u00e9rielles ou les deux qui propose une offre du m\u00eame type,<\/li>\n<li>Des organisations proposant un savoir et savoir-faire \u00e0 leurs clients, membres ou au march\u00e9, pour aider \u00e0 mieux ma\u00eetriser l&#8217;information,<\/li>\n<\/ul>\n<h3 style=\"text-align: justify;\"><strong>Sera \u00e9valu\u00e9 :<\/strong><\/h3>\n<p style=\"text-align: justify;\">Le flux Information m\u00e9tier est complexe, afin d\u2019\u00e9valuer au mieux ce qui est propos\u00e9 ou a \u00e9t\u00e9 fait nous avons segment\u00e9 le sujet en 3 parties :<\/p>\n<ul>\n<li>L&#8217;organisationnel d\u00e9di\u00e9e, ses processus, ses acteurs, ses communaut\u00e9s,<\/li>\n<li>Les fondamentaux sp\u00e9cifiques \u00e0 la gestion du cycle de vie de l\u2019information,<\/li>\n<li>La prise en compte de la culture par les usages, et les comportements d\u2019usages<\/li>\n<\/ul>\n<h3 style=\"text-align: justify;\"><strong>Sera particuli\u00e8rement recherch\u00e9 :<\/strong><\/h3>\n<p style=\"text-align: justify;\">La vue globale, la capacit\u00e9 \u00e0 int\u00e9grer l\u2019ensemble du flux Information M\u00e9tier de bout en bout, l\u2019\u00e9quilibre de l\u2019humain et de la technologie, l\u2019\u00e9quilibre entre capacit\u00e9 \u00e0 prendre en compte les vuln\u00e9rabilit\u00e9s et aussi la valorisation de l\u2019information, le d\u00e9veloppement des usages, la capacit\u00e9 \u00e0 transformer l&#8217;organisation pour int\u00e9grer le digital, &#8230; .<\/p>\n<h3 style=\"text-align: justify;\"><strong>Les troph\u00e9es\u00a0:<\/strong><\/h3>\n<p>Les laur\u00e9ats des IAI Awards\u00a0 remporteront\u00a0 un troph\u00e9e repr\u00e9sentatif d\u2019une ou d&#8217;une combinaison des 3 enjeux majeurs auquel peut r\u00e9pondre la gouvernance du flux Information : Qualit\u00e9 et s\u00e9curit\u00e9 &#8211; Culture et individus &#8211; Conformit\u00e9 et confiance. Il recevront un\u00a0troph\u00e9e personnalis\u00e9 et nominatif.<\/p>\n<h3><strong>Promotion\u00a0:<\/strong><\/h3>\n<p style=\"text-align: justify;\">Les IAI Awards f\u00eateront leur ouverture au cours de la\u00a0<strong>journ\u00e9e professionnelle SEARCH <a href=\"http:\/\/www.search-day.com\">www.search-day.com<\/a>, le jeudi 6 novembre 2014, Paris<\/strong>. Les nomin\u00e9s\u00a0pourront ensuite venir pr\u00e9senter leurs projets au cours d&#8217;un atelier ILP GouvInfo priv\u00e9 et un autre public d\u00e9di\u00e9s \u00e0 cette occasion. La remise des troph\u00e9es se fera au cours de <strong><a href=\"http:\/\/www.documation.fr\/\">DOCUMATION-MIS<\/a>, les 18 et 19\u00a0mars 2015.<\/strong><\/p>\n<p style=\"text-align: justify;\">GouvInfo a aussi pr\u00e9vu la r\u00e9daction d&#8217;un\u00a0ouvrage orient\u00e9 ex\u00e9cutif et mettant en valeur l&#8217;ensemble des projets et gagnants.<\/p>\n<h3 style=\"text-align: justify;\"><strong>Cela vous int\u00e9resse<\/strong> :<\/h3>\n<p style=\"text-align: justify;\">Sachez que les inscriptions se feront avec\u00a0le lancement de\u00a0l&#8217;observatoire GouvInfo qui est pr\u00e9vu cet \u00e9t\u00e9. Les membres de la communaut\u00e9 GouvInfo, seront les premiers \u00e0 y acc\u00e9der. Nous vous invitons donc \u00e0 vous inscrire ici : <strong><a href=\"http:\/\/www.gouvinfo.net\">http:\/\/www.gouvinfo.net<\/a>. \u00a0<\/strong>\u00a0Ou consulter r\u00e9guli\u00e8rement le site des <a title=\"Le site du concours sur la gouvernance de l'information\" href=\"http:\/\/www.iai-awards.org\" target=\"_blank\">IAI Awards<\/a><\/p>\n","protected":false},"excerpt":{"rendered":"<p>GouvInfo\u00a0avec\u00a0Veille Magazine\u00a0et Collaboratif Info, vous\u00a0propose\u00a0cette ann\u00e9e les AWARDS sur la gouvernance de l&#8217;information. L&#8217;objectif est de faire appara\u00eetre et r\u00e9compenser les organisations qui ont mis en place [&hellip;]<\/p>\n","protected":false},"author":2,"featured_media":4177,"comment_status":"open","ping_status":"closed","sticky":false,"template":"","format":"standard","meta":{"_et_pb_use_builder":"","_et_pb_old_content":"","_et_gb_content_width":"","jetpack_post_was_ever_published":false,"_jetpack_newsletter_access":"","_jetpack_dont_email_post_to_subs":false,"_jetpack_newsletter_tier_id":0,"_jetpack_memberships_contains_paywalled_content":false,"_jetpack_memberships_contains_paid_content":false,"footnotes":"","jetpack_publicize_message":"","jetpack_publicize_feature_enabled":true,"jetpack_social_post_already_shared":true,"jetpack_social_options":{"image_generator_settings":{"template":"highway","default_image_id":0,"font":"","enabled":false},"version":2}},"categories":[815,3],"tags":[854,4,896,525,23,856,822,855],"class_list":["post-4173","post","type-post","status-publish","format-standard","has-post-thumbnail","hentry","category-flux-information","category-gouvinfo","tag-awards","tag-gestion-de-linformation","tag-gouvernance-de-linformation","tag-iai","tag-pilotage-de-linformation","tag-search","tag-transformation-digitale","tag-veille-magazine"],"yoast_head":"<!-- This site is optimized with the Yoast SEO plugin v27.5 - https:\/\/yoast.com\/product\/yoast-seo-wordpress\/ -->\n<title>Les premiers AWARDS sur la gouvernance de l&#039;information - #GouvInfo<\/title>\n<meta name=\"description\" content=\"La communaut\u00e9 de l&#039;info fait du flux Information un des fondamentaux de nos organisations, pour favoriser une bonne gouvernance de l&#039;information - IAI.\" \/>\n<meta name=\"robots\" content=\"index, follow, max-snippet:-1, max-image-preview:large, max-video-preview:-1\" \/>\n<link rel=\"canonical\" href=\"https:\/\/gouvinfo.org\/IAI\/awards-iai-gouvernance-de-l-information\/\" \/>\n<meta property=\"og:locale\" content=\"fr_FR\" \/>\n<meta property=\"og:type\" content=\"article\" \/>\n<meta property=\"og:title\" content=\"Les premiers AWARDS sur la gouvernance de l&#039;information - #GouvInfo\" \/>\n<meta property=\"og:description\" content=\"Ces AWARDS seront une opportunit\u00e9 majeure pour les organisations les plus avanc\u00e9es sur ce sujet complexe et encore trop peu d\u00e9velopp\u00e9. Ils permettront de promouvoir leurs initiatives strat\u00e9giques et prospectives en vue de se pr\u00e9parer aux acc\u00e9l\u00e9rations du march\u00e9 et \u00e9volutions technologiques.\" \/>\n<meta property=\"og:url\" content=\"https:\/\/gouvinfo.org\/IAI\/awards-iai-gouvernance-de-l-information\/\" \/>\n<meta property=\"og:site_name\" content=\"#GouvInfo\" \/>\n<meta property=\"article:author\" content=\"http:\/\/www.facebook.com\/gouvinfo?sk=wall\" \/>\n<meta property=\"article:published_time\" content=\"2014-07-09T15:19:17+00:00\" \/>\n<meta property=\"article:modified_time\" content=\"2014-12-09T14:10:54+00:00\" \/>\n<meta property=\"og:image\" content=\"https:\/\/i2.wp.com\/gouvinfo.org\/IAI\/wp-content\/uploads\/GouvInfo-Awards-IAI-2015.png?fit=1358%2C1086&ssl=1\" \/>\n\t<meta property=\"og:image:width\" content=\"1358\" \/>\n\t<meta property=\"og:image:height\" content=\"1086\" \/>\n\t<meta property=\"og:image:type\" content=\"image\/png\" \/>\n<meta name=\"author\" content=\"jpperrein\" \/>\n<meta name=\"twitter:card\" content=\"summary_large_image\" \/>\n<meta name=\"twitter:creator\" content=\"@jpperrein\" \/>\n<meta name=\"twitter:site\" content=\"@gouvinfo\" \/>\n<meta name=\"twitter:label1\" content=\"\u00c9crit par\" \/>\n\t<meta name=\"twitter:data1\" content=\"jpperrein\" \/>\n\t<meta name=\"twitter:label2\" content=\"Dur\u00e9e de lecture estim\u00e9e\" \/>\n\t<meta name=\"twitter:data2\" content=\"3 minutes\" \/>\n<script type=\"application\/ld+json\" class=\"yoast-schema-graph\">{\"@context\":\"https:\\\/\\\/schema.org\",\"@graph\":[{\"@type\":\"Article\",\"@id\":\"https:\\\/\\\/gouvinfo.org\\\/IAI\\\/awards-iai-gouvernance-de-l-information\\\/#article\",\"isPartOf\":{\"@id\":\"https:\\\/\\\/gouvinfo.org\\\/IAI\\\/awards-iai-gouvernance-de-l-information\\\/\"},\"author\":{\"name\":\"jpperrein\",\"@id\":\"https:\\\/\\\/gouvinfo.org\\\/IAI\\\/#\\\/schema\\\/person\\\/f0df9788278af94ed35bb3be19187dd1\"},\"headline\":\"Les premiers AWARDS sur la gouvernance de l&#8217;information\",\"datePublished\":\"2014-07-09T15:19:17+00:00\",\"dateModified\":\"2014-12-09T14:10:54+00:00\",\"mainEntityOfPage\":{\"@id\":\"https:\\\/\\\/gouvinfo.org\\\/IAI\\\/awards-iai-gouvernance-de-l-information\\\/\"},\"wordCount\":580,\"commentCount\":0,\"image\":{\"@id\":\"https:\\\/\\\/gouvinfo.org\\\/IAI\\\/awards-iai-gouvernance-de-l-information\\\/#primaryimage\"},\"thumbnailUrl\":\"https:\\\/\\\/i0.wp.com\\\/gouvinfo.org\\\/IAI\\\/wp-content\\\/uploads\\\/GouvInfo-Awards-IAI-2015.png?fit=1358%2C1086&ssl=1\",\"keywords\":[\"AWARDS\",\"gestion de l'information\",\"gouvernance de l'information\",\"IAI\",\"pilotage de l'information\",\"SEARCH\",\"transformation digitale\",\"Veille magazine\"],\"articleSection\":[\"Flux Information\",\"Gouvernance de l'information\"],\"inLanguage\":\"fr-FR\",\"potentialAction\":[{\"@type\":\"CommentAction\",\"name\":\"Comment\",\"target\":[\"https:\\\/\\\/gouvinfo.org\\\/IAI\\\/awards-iai-gouvernance-de-l-information\\\/#respond\"]}]},{\"@type\":\"WebPage\",\"@id\":\"https:\\\/\\\/gouvinfo.org\\\/IAI\\\/awards-iai-gouvernance-de-l-information\\\/\",\"url\":\"https:\\\/\\\/gouvinfo.org\\\/IAI\\\/awards-iai-gouvernance-de-l-information\\\/\",\"name\":\"Les premiers AWARDS sur la gouvernance de l'information - #GouvInfo\",\"isPartOf\":{\"@id\":\"https:\\\/\\\/gouvinfo.org\\\/IAI\\\/#website\"},\"primaryImageOfPage\":{\"@id\":\"https:\\\/\\\/gouvinfo.org\\\/IAI\\\/awards-iai-gouvernance-de-l-information\\\/#primaryimage\"},\"image\":{\"@id\":\"https:\\\/\\\/gouvinfo.org\\\/IAI\\\/awards-iai-gouvernance-de-l-information\\\/#primaryimage\"},\"thumbnailUrl\":\"https:\\\/\\\/i0.wp.com\\\/gouvinfo.org\\\/IAI\\\/wp-content\\\/uploads\\\/GouvInfo-Awards-IAI-2015.png?fit=1358%2C1086&ssl=1\",\"datePublished\":\"2014-07-09T15:19:17+00:00\",\"dateModified\":\"2014-12-09T14:10:54+00:00\",\"author\":{\"@id\":\"https:\\\/\\\/gouvinfo.org\\\/IAI\\\/#\\\/schema\\\/person\\\/f0df9788278af94ed35bb3be19187dd1\"},\"description\":\"La communaut\u00e9 de l'info fait du flux Information un des fondamentaux de nos organisations, pour favoriser une bonne gouvernance de l'information - IAI.\",\"inLanguage\":\"fr-FR\",\"potentialAction\":[{\"@type\":\"ReadAction\",\"target\":[\"https:\\\/\\\/gouvinfo.org\\\/IAI\\\/awards-iai-gouvernance-de-l-information\\\/\"]}]},{\"@type\":\"ImageObject\",\"inLanguage\":\"fr-FR\",\"@id\":\"https:\\\/\\\/gouvinfo.org\\\/IAI\\\/awards-iai-gouvernance-de-l-information\\\/#primaryimage\",\"url\":\"https:\\\/\\\/i0.wp.com\\\/gouvinfo.org\\\/IAI\\\/wp-content\\\/uploads\\\/GouvInfo-Awards-IAI-2015.png?fit=1358%2C1086&ssl=1\",\"contentUrl\":\"https:\\\/\\\/i0.wp.com\\\/gouvinfo.org\\\/IAI\\\/wp-content\\\/uploads\\\/GouvInfo-Awards-IAI-2015.png?fit=1358%2C1086&ssl=1\",\"width\":1358,\"height\":1086},{\"@type\":\"WebSite\",\"@id\":\"https:\\\/\\\/gouvinfo.org\\\/IAI\\\/#website\",\"url\":\"https:\\\/\\\/gouvinfo.org\\\/IAI\\\/\",\"name\":\"#GouvInfo\",\"description\":\"D\u00e9velopper une vue globale des donn\u00e9es et de leurs gouvernances\",\"potentialAction\":[{\"@type\":\"SearchAction\",\"target\":{\"@type\":\"EntryPoint\",\"urlTemplate\":\"https:\\\/\\\/gouvinfo.org\\\/IAI\\\/?s={search_term_string}\"},\"query-input\":{\"@type\":\"PropertyValueSpecification\",\"valueRequired\":true,\"valueName\":\"search_term_string\"}}],\"inLanguage\":\"fr-FR\"},{\"@type\":\"Person\",\"@id\":\"https:\\\/\\\/gouvinfo.org\\\/IAI\\\/#\\\/schema\\\/person\\\/f0df9788278af94ed35bb3be19187dd1\",\"name\":\"jpperrein\",\"image\":{\"@type\":\"ImageObject\",\"inLanguage\":\"fr-FR\",\"@id\":\"https:\\\/\\\/secure.gravatar.com\\\/avatar\\\/f43c679f1f17e8fcb87bbb55a919d95b6d336c32937edc8508fe941c2abf3122?s=96&d=mm&r=g\",\"url\":\"https:\\\/\\\/secure.gravatar.com\\\/avatar\\\/f43c679f1f17e8fcb87bbb55a919d95b6d336c32937edc8508fe941c2abf3122?s=96&d=mm&r=g\",\"contentUrl\":\"https:\\\/\\\/secure.gravatar.com\\\/avatar\\\/f43c679f1f17e8fcb87bbb55a919d95b6d336c32937edc8508fe941c2abf3122?s=96&d=mm&r=g\",\"caption\":\"jpperrein\"},\"description\":\"Jean-Pascal Perrein, mentor sp\u00e9cialis\u00e9 en pilotage du flux Information, j\u2019interviens sur des projets de gouvernance et de management de de la donn\u00e9e contextualis\u00e9e. Ma passion est sur tout ce qui touche l\u2019information, sa mod\u00e9lisation, sa gouvernance, ses usages, son organisation, les changements qui vont autour, les impacts culturels. Partager avec des personnes qui ont cette m\u00eame passion autour de l\u2019information et du comment mieux la valoriser, et un vrai plaisir et challenge que j\u2019aime \u00e0 relever en cr\u00e9ant des opportunit\u00e9s. L\u2019observatoire GouvInfo de la gouvernance de l\u2019information en est un, son r\u00e9seau social ComInfo en est un autre, les IAI-Awards encore un autre, ainsi que le DMFI, les ILP, les MAI, ... . En 2011, j\u2019ai cr\u00e9\u00e9 mon cabinet de conseil 3org conseil, orient\u00e9 mentorat, tout simplement avec un souhait d\u2019aller vers un nouveau type de mod\u00e8le \u00e9conomique, penser et faire autrement, raisonner sur des cycles sup\u00e9rieur \u00e0 1 an, sortir de logiques commerciales quantitatives et se baser sur le plaisir \u00e0 faire de l\u2019innovation et de la valeur avec des personnes qui ont aussi envie d'avancer dans ce sens.\",\"sameAs\":[\"https:\\\/\\\/www.3org.com\",\"http:\\\/\\\/www.facebook.com\\\/gouvinfo?sk=wall\",\"http:\\\/\\\/www.linkedin.com\\\/groups\\\/Gouvernance-linformation-3929593?trk=myg_ugrp_ovr\",\"https:\\\/\\\/x.com\\\/jpperrein\"],\"url\":\"https:\\\/\\\/gouvinfo.org\\\/IAI\\\/author\\\/jpperrein\\\/\"}]}<\/script>\n<!-- \/ Yoast SEO plugin. -->","yoast_head_json":{"title":"Les premiers AWARDS sur la gouvernance de l'information - #GouvInfo","description":"La communaut\u00e9 de l'info fait du flux Information un des fondamentaux de nos organisations, pour favoriser une bonne gouvernance de l'information - IAI.","robots":{"index":"index","follow":"follow","max-snippet":"max-snippet:-1","max-image-preview":"max-image-preview:large","max-video-preview":"max-video-preview:-1"},"canonical":"https:\/\/gouvinfo.org\/IAI\/awards-iai-gouvernance-de-l-information\/","og_locale":"fr_FR","og_type":"article","og_title":"Les premiers AWARDS sur la gouvernance de l'information - #GouvInfo","og_description":"Ces AWARDS seront une opportunit\u00e9 majeure pour les organisations les plus avanc\u00e9es sur ce sujet complexe et encore trop peu d\u00e9velopp\u00e9. Ils permettront de promouvoir leurs initiatives strat\u00e9giques et prospectives en vue de se pr\u00e9parer aux acc\u00e9l\u00e9rations du march\u00e9 et \u00e9volutions technologiques.","og_url":"https:\/\/gouvinfo.org\/IAI\/awards-iai-gouvernance-de-l-information\/","og_site_name":"#GouvInfo","article_author":"http:\/\/www.facebook.com\/gouvinfo?sk=wall","article_published_time":"2014-07-09T15:19:17+00:00","article_modified_time":"2014-12-09T14:10:54+00:00","og_image":[{"width":1358,"height":1086,"url":"https:\/\/i2.wp.com\/gouvinfo.org\/IAI\/wp-content\/uploads\/GouvInfo-Awards-IAI-2015.png?fit=1358%2C1086&ssl=1","type":"image\/png"}],"author":"jpperrein","twitter_card":"summary_large_image","twitter_creator":"@jpperrein","twitter_site":"@gouvinfo","twitter_misc":{"\u00c9crit par":"jpperrein","Dur\u00e9e de lecture estim\u00e9e":"3 minutes"},"schema":{"@context":"https:\/\/schema.org","@graph":[{"@type":"Article","@id":"https:\/\/gouvinfo.org\/IAI\/awards-iai-gouvernance-de-l-information\/#article","isPartOf":{"@id":"https:\/\/gouvinfo.org\/IAI\/awards-iai-gouvernance-de-l-information\/"},"author":{"name":"jpperrein","@id":"https:\/\/gouvinfo.org\/IAI\/#\/schema\/person\/f0df9788278af94ed35bb3be19187dd1"},"headline":"Les premiers AWARDS sur la gouvernance de l&#8217;information","datePublished":"2014-07-09T15:19:17+00:00","dateModified":"2014-12-09T14:10:54+00:00","mainEntityOfPage":{"@id":"https:\/\/gouvinfo.org\/IAI\/awards-iai-gouvernance-de-l-information\/"},"wordCount":580,"commentCount":0,"image":{"@id":"https:\/\/gouvinfo.org\/IAI\/awards-iai-gouvernance-de-l-information\/#primaryimage"},"thumbnailUrl":"https:\/\/i0.wp.com\/gouvinfo.org\/IAI\/wp-content\/uploads\/GouvInfo-Awards-IAI-2015.png?fit=1358%2C1086&ssl=1","keywords":["AWARDS","gestion de l'information","gouvernance de l'information","IAI","pilotage de l'information","SEARCH","transformation digitale","Veille magazine"],"articleSection":["Flux Information","Gouvernance de l'information"],"inLanguage":"fr-FR","potentialAction":[{"@type":"CommentAction","name":"Comment","target":["https:\/\/gouvinfo.org\/IAI\/awards-iai-gouvernance-de-l-information\/#respond"]}]},{"@type":"WebPage","@id":"https:\/\/gouvinfo.org\/IAI\/awards-iai-gouvernance-de-l-information\/","url":"https:\/\/gouvinfo.org\/IAI\/awards-iai-gouvernance-de-l-information\/","name":"Les premiers AWARDS sur la gouvernance de l'information - #GouvInfo","isPartOf":{"@id":"https:\/\/gouvinfo.org\/IAI\/#website"},"primaryImageOfPage":{"@id":"https:\/\/gouvinfo.org\/IAI\/awards-iai-gouvernance-de-l-information\/#primaryimage"},"image":{"@id":"https:\/\/gouvinfo.org\/IAI\/awards-iai-gouvernance-de-l-information\/#primaryimage"},"thumbnailUrl":"https:\/\/i0.wp.com\/gouvinfo.org\/IAI\/wp-content\/uploads\/GouvInfo-Awards-IAI-2015.png?fit=1358%2C1086&ssl=1","datePublished":"2014-07-09T15:19:17+00:00","dateModified":"2014-12-09T14:10:54+00:00","author":{"@id":"https:\/\/gouvinfo.org\/IAI\/#\/schema\/person\/f0df9788278af94ed35bb3be19187dd1"},"description":"La communaut\u00e9 de l'info fait du flux Information un des fondamentaux de nos organisations, pour favoriser une bonne gouvernance de l'information - IAI.","inLanguage":"fr-FR","potentialAction":[{"@type":"ReadAction","target":["https:\/\/gouvinfo.org\/IAI\/awards-iai-gouvernance-de-l-information\/"]}]},{"@type":"ImageObject","inLanguage":"fr-FR","@id":"https:\/\/gouvinfo.org\/IAI\/awards-iai-gouvernance-de-l-information\/#primaryimage","url":"https:\/\/i0.wp.com\/gouvinfo.org\/IAI\/wp-content\/uploads\/GouvInfo-Awards-IAI-2015.png?fit=1358%2C1086&ssl=1","contentUrl":"https:\/\/i0.wp.com\/gouvinfo.org\/IAI\/wp-content\/uploads\/GouvInfo-Awards-IAI-2015.png?fit=1358%2C1086&ssl=1","width":1358,"height":1086},{"@type":"WebSite","@id":"https:\/\/gouvinfo.org\/IAI\/#website","url":"https:\/\/gouvinfo.org\/IAI\/","name":"#GouvInfo","description":"D\u00e9velopper une vue globale des donn\u00e9es et de leurs gouvernances","potentialAction":[{"@type":"SearchAction","target":{"@type":"EntryPoint","urlTemplate":"https:\/\/gouvinfo.org\/IAI\/?s={search_term_string}"},"query-input":{"@type":"PropertyValueSpecification","valueRequired":true,"valueName":"search_term_string"}}],"inLanguage":"fr-FR"},{"@type":"Person","@id":"https:\/\/gouvinfo.org\/IAI\/#\/schema\/person\/f0df9788278af94ed35bb3be19187dd1","name":"jpperrein","image":{"@type":"ImageObject","inLanguage":"fr-FR","@id":"https:\/\/secure.gravatar.com\/avatar\/f43c679f1f17e8fcb87bbb55a919d95b6d336c32937edc8508fe941c2abf3122?s=96&d=mm&r=g","url":"https:\/\/secure.gravatar.com\/avatar\/f43c679f1f17e8fcb87bbb55a919d95b6d336c32937edc8508fe941c2abf3122?s=96&d=mm&r=g","contentUrl":"https:\/\/secure.gravatar.com\/avatar\/f43c679f1f17e8fcb87bbb55a919d95b6d336c32937edc8508fe941c2abf3122?s=96&d=mm&r=g","caption":"jpperrein"},"description":"Jean-Pascal Perrein, mentor sp\u00e9cialis\u00e9 en pilotage du flux Information, j\u2019interviens sur des projets de gouvernance et de management de de la donn\u00e9e contextualis\u00e9e. Ma passion est sur tout ce qui touche l\u2019information, sa mod\u00e9lisation, sa gouvernance, ses usages, son organisation, les changements qui vont autour, les impacts culturels. Partager avec des personnes qui ont cette m\u00eame passion autour de l\u2019information et du comment mieux la valoriser, et un vrai plaisir et challenge que j\u2019aime \u00e0 relever en cr\u00e9ant des opportunit\u00e9s. L\u2019observatoire GouvInfo de la gouvernance de l\u2019information en est un, son r\u00e9seau social ComInfo en est un autre, les IAI-Awards encore un autre, ainsi que le DMFI, les ILP, les MAI, ... . En 2011, j\u2019ai cr\u00e9\u00e9 mon cabinet de conseil 3org conseil, orient\u00e9 mentorat, tout simplement avec un souhait d\u2019aller vers un nouveau type de mod\u00e8le \u00e9conomique, penser et faire autrement, raisonner sur des cycles sup\u00e9rieur \u00e0 1 an, sortir de logiques commerciales quantitatives et se baser sur le plaisir \u00e0 faire de l\u2019innovation et de la valeur avec des personnes qui ont aussi envie d'avancer dans ce sens.","sameAs":["https:\/\/www.3org.com","http:\/\/www.facebook.com\/gouvinfo?sk=wall","http:\/\/www.linkedin.com\/groups\/Gouvernance-linformation-3929593?trk=myg_ugrp_ovr","https:\/\/x.com\/jpperrein"],"url":"https:\/\/gouvinfo.org\/IAI\/author\/jpperrein\/"}]}},"jetpack_publicize_connections":[],"jetpack_featured_media_url":"https:\/\/i0.wp.com\/gouvinfo.org\/IAI\/wp-content\/uploads\/GouvInfo-Awards-IAI-2015.png?fit=1358%2C1086&ssl=1","jetpack_shortlink":"https:\/\/wp.me\/p3WHBZ-15j","jetpack_sharing_enabled":true,"_links":{"self":[{"href":"https:\/\/gouvinfo.org\/IAI\/wp-json\/wp\/v2\/posts\/4173","targetHints":{"allow":["GET"]}}],"collection":[{"href":"https:\/\/gouvinfo.org\/IAI\/wp-json\/wp\/v2\/posts"}],"about":[{"href":"https:\/\/gouvinfo.org\/IAI\/wp-json\/wp\/v2\/types\/post"}],"author":[{"embeddable":true,"href":"https:\/\/gouvinfo.org\/IAI\/wp-json\/wp\/v2\/users\/2"}],"replies":[{"embeddable":true,"href":"https:\/\/gouvinfo.org\/IAI\/wp-json\/wp\/v2\/comments?post=4173"}],"version-history":[{"count":18,"href":"https:\/\/gouvinfo.org\/IAI\/wp-json\/wp\/v2\/posts\/4173\/revisions"}],"predecessor-version":[{"id":4310,"href":"https:\/\/gouvinfo.org\/IAI\/wp-json\/wp\/v2\/posts\/4173\/revisions\/4310"}],"wp:featuredmedia":[{"embeddable":true,"href":"https:\/\/gouvinfo.org\/IAI\/wp-json\/wp\/v2\/media\/4177"}],"wp:attachment":[{"href":"https:\/\/gouvinfo.org\/IAI\/wp-json\/wp\/v2\/media?parent=4173"}],"wp:term":[{"taxonomy":"category","embeddable":true,"href":"https:\/\/gouvinfo.org\/IAI\/wp-json\/wp\/v2\/categories?post=4173"},{"taxonomy":"post_tag","embeddable":true,"href":"https:\/\/gouvinfo.org\/IAI\/wp-json\/wp\/v2\/tags?post=4173"}],"curies":[{"name":"wp","href":"https:\/\/api.w.org\/{rel}","templated":true}]}}